{"id":288199,"date":"2024-09-25T17:51:31","date_gmt":"2024-09-25T15:51:31","guid":{"rendered":"https:\/\/www.evearly.news\/fr\/temoignage-voila-comment-bruno-a-fait-equiper-sa-copropriete-pour-la-recharge-de-voitures-electriques\/"},"modified":"2024-09-25T17:51:31","modified_gmt":"2024-09-25T15:51:31","slug":"temoignage-voila-comment-bruno-a-fait-equiper-sa-copropriete-pour-la-recharge-de-voitures-electriques","status":"publish","type":"post","link":"https:\/\/www.evearly.news\/fr\/temoignage-voila-comment-bruno-a-fait-equiper-sa-copropriete-pour-la-recharge-de-voitures-electriques\/","title":{"rendered":"T\u00e9moignage \u2013 Voil\u00e0 comment Bruno a fait \u00e9quiper sa copropri\u00e9t\u00e9 pour la recharge de voitures \u00e9lectriques"},"content":{"rendered":"<p><img decoding=\"async\" width=\"500\" height=\"333\" src=\"https:\/\/www.evearly.news\/fr\/wp-content\/uploads\/sites\/6\/2024\/09\/temoignage-voila-comment-bruno-a-fait-equiper-sa-copropriete-pour-la-recharge-de-voitures-electriques.jpg\" class=\"attachment-1200x800 size-1200x800 wp-post-image\" alt=\"Le Mercedes EQA 250+ de Bruno\" loading=\"lazy\" srcset=\"https:\/\/www.evearly.news\/fr\/wp-content\/uploads\/sites\/6\/2024\/09\/temoignage-voila-comment-bruno-a-fait-equiper-sa-copropriete-pour-la-recharge-de-voitures-electriques.jpg 1200w, https:\/\/www.evearly.news\/fr\/wp-content\/uploads\/sites\/6\/2024\/09\/temoignage-voila-comment-bruno-a-fait-equiper-sa-copropriete-pour-la-recharge-de-voitures-electriques-1.jpg 1024w, https:\/\/www.evearly.news\/fr\/wp-content\/uploads\/sites\/6\/2024\/09\/temoignage-voila-comment-bruno-a-fait-equiper-sa-copropriete-pour-la-recharge-de-voitures-electriques-2.jpg 140w, https:\/\/www.evearly.news\/fr\/wp-content\/uploads\/sites\/6\/2024\/09\/temoignage-voila-comment-bruno-a-fait-equiper-sa-copropriete-pour-la-recharge-de-voitures-electriques-3.jpg 768w, https:\/\/www.evearly.news\/fr\/wp-content\/uploads\/sites\/6\/2024\/09\/temoignage-voila-comment-bruno-a-fait-equiper-sa-copropriete-pour-la-recharge-de-voitures-electriques-4.jpg 620w, https:\/\/www.evearly.news\/fr\/wp-content\/uploads\/sites\/6\/2024\/09\/temoignage-voila-comment-bruno-a-fait-equiper-sa-copropriete-pour-la-recharge-de-voitures-electriques-5.jpg 100w, https:\/\/www.evearly.news\/fr\/wp-content\/uploads\/sites\/6\/2024\/09\/temoignage-voila-comment-bruno-a-fait-equiper-sa-copropriete-pour-la-recharge-de-voitures-electriques-6.jpg 190w, https:\/\/cdn.automobile-propre.com\/uploads\/2024\/09\/APE0921_WBrunoEQA-600x400.jpg 600w\" sizes=\"auto, (max-width: 1200px) 100vw, 1200px\" \/><br \/>\nHabitant \u00e0 Paris dans le 18\u1d49 arrondissement, Bruno Spalvieri a d\u00e9cid\u00e9 les copropri\u00e9taires \u00e0 faire pr\u00e9-\u00e9quiper pour la recharge des\u2026\u00a0<a href=\"https:\/\/www.automobile-propre.com\/articles\/temoignage-voila-comment-bruno-a-fait-equiper-sa-copropriete-pour-la-recharge-de-voitures-electriques\/\" target='bwindow' rel=\"noopener\">Lire la suite&#8230;<\/a><\/p>\n","protected":false},"excerpt":{"rendered":"<p>&#8230; <a class=\"continue-reading-link\" href=\"https:\/\/www.evearly.news\/fr\/temoignage-voila-comment-bruno-a-fait-equiper-sa-copropriete-pour-la-recharge-de-voitures-electriques\/\"><\/a><\/p>\n","protected":false},"author":8,"featured_media":288200,"comment_status":"closed","ping_status":"open","sticky":false,"template":"Default","format":"standard","meta":{"footnotes":""},"categories":[8],"tags":[],"class_list":["post-288199","post","type-post","status-publish","format-standard","has-post-thumbnail","hentry","category-automobile-propre"],"_links":{"self":[{"href":"https:\/\/www.evearly.news\/fr\/wp-json\/wp\/v2\/posts\/288199","targetHints":{"allow":["GET"]}}],"collection":[{"href":"https:\/\/www.evearly.news\/fr\/wp-json\/wp\/v2\/posts"}],"about":[{"href":"https:\/\/www.evearly.news\/fr\/wp-json\/wp\/v2\/types\/post"}],"author":[{"embeddable":true,"href":"https:\/\/www.evearly.news\/fr\/wp-json\/wp\/v2\/users\/8"}],"replies":[{"embeddable":true,"href":"https:\/\/www.evearly.news\/fr\/wp-json\/wp\/v2\/comments?post=288199"}],"version-history":[{"count":0,"href":"https:\/\/www.evearly.news\/fr\/wp-json\/wp\/v2\/posts\/288199\/revisions"}],"wp:featuredmedia":[{"embeddable":true,"href":"https:\/\/www.evearly.news\/fr\/wp-json\/wp\/v2\/media\/288200"}],"wp:attachment":[{"href":"https:\/\/www.evearly.news\/fr\/wp-json\/wp\/v2\/media?parent=288199"}],"wp:term":[{"taxonomy":"category","embeddable":true,"href":"https:\/\/www.evearly.news\/fr\/wp-json\/wp\/v2\/categories?post=288199"},{"taxonomy":"post_tag","embeddable":true,"href":"https:\/\/www.evearly.news\/fr\/wp-json\/wp\/v2\/tags?post=288199"}],"curies":[{"name":"wp","href":"https:\/\/api.w.org\/{rel}","templated":true}]}}