{"id":288221,"date":"2024-09-26T08:56:41","date_gmt":"2024-09-26T06:56:41","guid":{"rendered":"https:\/\/www.evearly.news\/fr\/la-nouvelle-renault-5-arrive-en-concession-dans-quelques-jours-mais-vous-pourriez-hesiter\/"},"modified":"2024-09-26T08:56:41","modified_gmt":"2024-09-26T06:56:41","slug":"la-nouvelle-renault-5-arrive-en-concession-dans-quelques-jours-mais-vous-pourriez-hesiter","status":"publish","type":"post","link":"https:\/\/www.evearly.news\/fr\/la-nouvelle-renault-5-arrive-en-concession-dans-quelques-jours-mais-vous-pourriez-hesiter\/","title":{"rendered":"La nouvelle Renault 5 arrive en concession dans quelques jours, mais vous pourriez h\u00e9siter"},"content":{"rendered":"<div class=\"media_block\"><img decoding=\"async\" src=\"https:\/\/www.evearly.news\/fr\/wp-content\/uploads\/sites\/6\/2024\/09\/la-nouvelle-renault-5-arrive-en-concession-dans-quelques-jours-mais-vous-pourriez-hesiter.jpg\"><\/div>\n<p>Les journ\u00e9es portes ouvertes Renault se tiendront d\u00e8s le 8 ou 10 octobre selon les r\u00e9gions. La nouvelle R5 fera ses grands d\u00e9buts en concession m\u00eame s&rsquo;il faudra encore patienter un peu avant les premi\u00e8res livraisons clients. Mais certains distributeurs doivent d\u00e9j\u00e0 anticiper les ventes d&rsquo;autres mod\u00e8les plus gros&#8230; et pas forc\u00e9ment moins int\u00e9ressants que la R5. <a href=\"https:\/\/www.automobile-magazine.fr\/voitures-electriques\/article\/44785-la-nouvelle-renault-5-arrive-en-concession-dans-quelques-jours-mais-vous-pourriez-hesiter\" target='bwindow' rel=\"noopener\">Lire la suite&#8230;<\/a><\/p>\n","protected":false},"excerpt":{"rendered":"<div class=\"media_block\"><img decoding=\"async\" src=\"https:\/\/www.evearly.news\/fr\/wp-content\/uploads\/sites\/6\/2024\/09\/la-nouvelle-renault-5-arrive-en-concession-dans-quelques-jours-mais-vous-pourriez-hesiter.jpg\"><\/div>\n<p> <a class=\"continue-reading-link\" href=\"https:\/\/www.evearly.news\/fr\/la-nouvelle-renault-5-arrive-en-concession-dans-quelques-jours-mais-vous-pourriez-hesiter\/\"><\/a><\/p>\n","protected":false},"author":7,"featured_media":288222,"comment_status":"closed","ping_status":"open","sticky":false,"template":"Default","format":"standard","meta":{"footnotes":""},"categories":[7],"tags":[],"class_list":["post-288221","post","type-post","status-publish","format-standard","has-post-thumbnail","hentry","category-automobile-magazine"],"_links":{"self":[{"href":"https:\/\/www.evearly.news\/fr\/wp-json\/wp\/v2\/posts\/288221","targetHints":{"allow":["GET"]}}],"collection":[{"href":"https:\/\/www.evearly.news\/fr\/wp-json\/wp\/v2\/posts"}],"about":[{"href":"https:\/\/www.evearly.news\/fr\/wp-json\/wp\/v2\/types\/post"}],"author":[{"embeddable":true,"href":"https:\/\/www.evearly.news\/fr\/wp-json\/wp\/v2\/users\/7"}],"replies":[{"embeddable":true,"href":"https:\/\/www.evearly.news\/fr\/wp-json\/wp\/v2\/comments?post=288221"}],"version-history":[{"count":0,"href":"https:\/\/www.evearly.news\/fr\/wp-json\/wp\/v2\/posts\/288221\/revisions"}],"wp:featuredmedia":[{"embeddable":true,"href":"https:\/\/www.evearly.news\/fr\/wp-json\/wp\/v2\/media\/288222"}],"wp:attachment":[{"href":"https:\/\/www.evearly.news\/fr\/wp-json\/wp\/v2\/media?parent=288221"}],"wp:term":[{"taxonomy":"category","embeddable":true,"href":"https:\/\/www.evearly.news\/fr\/wp-json\/wp\/v2\/categories?post=288221"},{"taxonomy":"post_tag","embeddable":true,"href":"https:\/\/www.evearly.news\/fr\/wp-json\/wp\/v2\/tags?post=288221"}],"curies":[{"name":"wp","href":"https:\/\/api.w.org\/{rel}","templated":true}]}}