{"id":288341,"date":"2024-09-28T10:21:24","date_gmt":"2024-09-28T08:21:24","guid":{"rendered":"https:\/\/www.evearly.news\/fr\/la-methode-douteuse-de-tesla-face-a-labsenteisme-enorme-dans-son-usine-de-berlin\/"},"modified":"2024-09-28T10:21:24","modified_gmt":"2024-09-28T08:21:24","slug":"la-methode-douteuse-de-tesla-face-a-labsenteisme-enorme-dans-son-usine-de-berlin","status":"publish","type":"post","link":"https:\/\/www.evearly.news\/fr\/la-methode-douteuse-de-tesla-face-a-labsenteisme-enorme-dans-son-usine-de-berlin\/","title":{"rendered":"La m\u00e9thode douteuse de Tesla face \u00e0 l\u2019absent\u00e9isme \u00e9norme dans son usine de Berlin"},"content":{"rendered":"<p><img decoding=\"async\" width=\"500\" height=\"333\" src=\"https:\/\/www.evearly.news\/fr\/wp-content\/uploads\/sites\/6\/2024\/09\/la-methode-douteuse-de-tesla-face-a-labsenteisme-enorme-dans-son-usine-de-berlin.jpg\" class=\"attachment-1200x800 size-1200x800 wp-post-image\" alt=\"\" loading=\"lazy\" srcset=\"https:\/\/www.evearly.news\/fr\/wp-content\/uploads\/sites\/6\/2024\/09\/la-methode-douteuse-de-tesla-face-a-labsenteisme-enorme-dans-son-usine-de-berlin.jpg 2048w, https:\/\/www.evearly.news\/fr\/wp-content\/uploads\/sites\/6\/2024\/09\/la-methode-douteuse-de-tesla-face-a-labsenteisme-enorme-dans-son-usine-de-berlin-1.jpg 1640w, https:\/\/www.evearly.news\/fr\/wp-content\/uploads\/sites\/6\/2024\/09\/la-methode-douteuse-de-tesla-face-a-labsenteisme-enorme-dans-son-usine-de-berlin-2.jpg 1024w, https:\/\/www.evearly.news\/fr\/wp-content\/uploads\/sites\/6\/2024\/09\/la-methode-douteuse-de-tesla-face-a-labsenteisme-enorme-dans-son-usine-de-berlin-3.jpg 768w, https:\/\/www.evearly.news\/fr\/wp-content\/uploads\/sites\/6\/2024\/09\/la-methode-douteuse-de-tesla-face-a-labsenteisme-enorme-dans-son-usine-de-berlin-4.jpg 1536w, https:\/\/cdn.automobile-propre.com\/uploads\/2024\/09\/tesla-gigafactory-berlin-100-hectares-land--620x395.jpg 620w\" sizes=\"auto, (max-width: 1200px) 100vw, 1200px\" \/><br \/>\nTesla fait face \u00e0 un taux d&rsquo;absent\u00e9isme trois fois sup\u00e9rieur \u00e0 la moyenne dans sa Gigafactory Berlin. Le constructeur n&rsquo;arrive\u2026\u00a0<a href=\"https:\/\/www.automobile-propre.com\/articles\/la-methode-douteuse-de-tesla-face-a-labsenteisme-enorme-dans-son-usine-de-berlin\/\" target='bwindow' rel=\"noopener\">Lire la suite&#8230;<\/a><\/p>\n","protected":false},"excerpt":{"rendered":"<p>&#8230; <a class=\"continue-reading-link\" href=\"https:\/\/www.evearly.news\/fr\/la-methode-douteuse-de-tesla-face-a-labsenteisme-enorme-dans-son-usine-de-berlin\/\"><\/a><\/p>\n","protected":false},"author":8,"featured_media":288342,"comment_status":"closed","ping_status":"open","sticky":false,"template":"Default","format":"standard","meta":{"footnotes":""},"categories":[8],"tags":[],"class_list":["post-288341","post","type-post","status-publish","format-standard","has-post-thumbnail","hentry","category-automobile-propre"],"_links":{"self":[{"href":"https:\/\/www.evearly.news\/fr\/wp-json\/wp\/v2\/posts\/288341","targetHints":{"allow":["GET"]}}],"collection":[{"href":"https:\/\/www.evearly.news\/fr\/wp-json\/wp\/v2\/posts"}],"about":[{"href":"https:\/\/www.evearly.news\/fr\/wp-json\/wp\/v2\/types\/post"}],"author":[{"embeddable":true,"href":"https:\/\/www.evearly.news\/fr\/wp-json\/wp\/v2\/users\/8"}],"replies":[{"embeddable":true,"href":"https:\/\/www.evearly.news\/fr\/wp-json\/wp\/v2\/comments?post=288341"}],"version-history":[{"count":0,"href":"https:\/\/www.evearly.news\/fr\/wp-json\/wp\/v2\/posts\/288341\/revisions"}],"wp:featuredmedia":[{"embeddable":true,"href":"https:\/\/www.evearly.news\/fr\/wp-json\/wp\/v2\/media\/288342"}],"wp:attachment":[{"href":"https:\/\/www.evearly.news\/fr\/wp-json\/wp\/v2\/media?parent=288341"}],"wp:term":[{"taxonomy":"category","embeddable":true,"href":"https:\/\/www.evearly.news\/fr\/wp-json\/wp\/v2\/categories?post=288341"},{"taxonomy":"post_tag","embeddable":true,"href":"https:\/\/www.evearly.news\/fr\/wp-json\/wp\/v2\/tags?post=288341"}],"curies":[{"name":"wp","href":"https:\/\/api.w.org\/{rel}","templated":true}]}}