{"id":288345,"date":"2024-09-28T11:52:42","date_gmt":"2024-09-28T09:52:42","guid":{"rendered":"https:\/\/www.evearly.news\/fr\/rolls-royce-la-future-gamme-100-electrique-se-dessine\/"},"modified":"2024-09-28T11:52:42","modified_gmt":"2024-09-28T09:52:42","slug":"rolls-royce-la-future-gamme-100-electrique-se-dessine","status":"publish","type":"post","link":"https:\/\/www.evearly.news\/fr\/rolls-royce-la-future-gamme-100-electrique-se-dessine\/","title":{"rendered":"Rolls-Royce : la future gamme 100 % \u00e9lectrique se dessine"},"content":{"rendered":"<p><img loading=\"lazy\" decoding=\"async\" width=\"500\" height=\"333\" src=\"https:\/\/www.evearly.news\/fr\/wp-content\/uploads\/sites\/6\/2024\/09\/rolls-royce-la-future-gamme-100-electrique-se-dessine.jpg\" class=\"attachment-1200x800 size-1200x800 wp-post-image\" alt=\"\" srcset=\"https:\/\/www.evearly.news\/fr\/wp-content\/uploads\/sites\/6\/2024\/09\/rolls-royce-la-future-gamme-100-electrique-se-dessine.jpg 1920w, https:\/\/www.evearly.news\/fr\/wp-content\/uploads\/sites\/6\/2024\/09\/rolls-royce-la-future-gamme-100-electrique-se-dessine-1.jpg 1200w, https:\/\/www.evearly.news\/fr\/wp-content\/uploads\/sites\/6\/2024\/09\/rolls-royce-la-future-gamme-100-electrique-se-dessine-2.jpg 1024w, https:\/\/www.evearly.news\/fr\/wp-content\/uploads\/sites\/6\/2024\/09\/rolls-royce-la-future-gamme-100-electrique-se-dessine-3.jpg 768w, https:\/\/www.evearly.news\/fr\/wp-content\/uploads\/sites\/6\/2024\/09\/rolls-royce-la-future-gamme-100-electrique-se-dessine-4.jpg 1536w, https:\/\/cdn.automobile-propre.com\/uploads\/2023\/08\/Rolls-Royce-Spectre-coupe\u0301-e\u0301lectrique-13-620x349.jpg 620w\" sizes=\"auto, (max-width: 1200px) 100vw, 1200px\" \/><br \/>\nApr\u00e8s avoir longtemps tergivers\u00e9, Rolls-Royce s&rsquo;est lanc\u00e9 dans l&rsquo;\u00e9lectrique avec le coup\u00e9 Spectre. Et finalement, tous les prochains nouveaux mod\u00e8les d\u00e9laisseront le V12.\u00a0<a href=\"https:\/\/www.automobile-propre.com\/breves\/rolls-royce-la-future-gamme-100-electrique-se-dessine\/\" target='bwindow' rel=\"noopener\">Lire la suite&#8230;<\/a><\/p>\n","protected":false},"excerpt":{"rendered":"<p>&#8230; <a class=\"continue-reading-link\" href=\"https:\/\/www.evearly.news\/fr\/rolls-royce-la-future-gamme-100-electrique-se-dessine\/\"><\/a><\/p>\n","protected":false},"author":8,"featured_media":288346,"comment_status":"closed","ping_status":"open","sticky":false,"template":"Default","format":"standard","meta":{"footnotes":""},"categories":[8],"tags":[],"class_list":["post-288345","post","type-post","status-publish","format-standard","has-post-thumbnail","hentry","category-automobile-propre"],"_links":{"self":[{"href":"https:\/\/www.evearly.news\/fr\/wp-json\/wp\/v2\/posts\/288345","targetHints":{"allow":["GET"]}}],"collection":[{"href":"https:\/\/www.evearly.news\/fr\/wp-json\/wp\/v2\/posts"}],"about":[{"href":"https:\/\/www.evearly.news\/fr\/wp-json\/wp\/v2\/types\/post"}],"author":[{"embeddable":true,"href":"https:\/\/www.evearly.news\/fr\/wp-json\/wp\/v2\/users\/8"}],"replies":[{"embeddable":true,"href":"https:\/\/www.evearly.news\/fr\/wp-json\/wp\/v2\/comments?post=288345"}],"version-history":[{"count":0,"href":"https:\/\/www.evearly.news\/fr\/wp-json\/wp\/v2\/posts\/288345\/revisions"}],"wp:featuredmedia":[{"embeddable":true,"href":"https:\/\/www.evearly.news\/fr\/wp-json\/wp\/v2\/media\/288346"}],"wp:attachment":[{"href":"https:\/\/www.evearly.news\/fr\/wp-json\/wp\/v2\/media?parent=288345"}],"wp:term":[{"taxonomy":"category","embeddable":true,"href":"https:\/\/www.evearly.news\/fr\/wp-json\/wp\/v2\/categories?post=288345"},{"taxonomy":"post_tag","embeddable":true,"href":"https:\/\/www.evearly.news\/fr\/wp-json\/wp\/v2\/tags?post=288345"}],"curies":[{"name":"wp","href":"https:\/\/api.w.org\/{rel}","templated":true}]}}