{"id":288347,"date":"2024-09-28T12:51:31","date_gmt":"2024-09-28T10:51:31","guid":{"rendered":"https:\/\/www.evearly.news\/fr\/comment-la6-sportback-e-tron-est-devenue-laudi-la-plus-aerodynamique\/"},"modified":"2024-09-28T12:51:31","modified_gmt":"2024-09-28T10:51:31","slug":"comment-la6-sportback-e-tron-est-devenue-laudi-la-plus-aerodynamique","status":"publish","type":"post","link":"https:\/\/www.evearly.news\/fr\/comment-la6-sportback-e-tron-est-devenue-laudi-la-plus-aerodynamique\/","title":{"rendered":"Comment l\u2019A6 Sportback e-tron est devenue l\u2019Audi la plus a\u00e9rodynamique"},"content":{"rendered":"<p><img decoding=\"async\" width=\"500\" height=\"333\" src=\"https:\/\/www.evearly.news\/fr\/wp-content\/uploads\/sites\/6\/2024\/09\/comment-la6-sportback-e-tron-est-devenue-laudi-la-plus-aerodynamique.jpg\" class=\"attachment-1200x800 size-1200x800 wp-post-image\" alt=\"\" loading=\"lazy\" srcset=\"https:\/\/www.evearly.news\/fr\/wp-content\/uploads\/sites\/6\/2024\/09\/comment-la6-sportback-e-tron-est-devenue-laudi-la-plus-aerodynamique.jpg 1920w, https:\/\/www.evearly.news\/fr\/wp-content\/uploads\/sites\/6\/2024\/09\/comment-la6-sportback-e-tron-est-devenue-laudi-la-plus-aerodynamique-1.jpg 1640w, https:\/\/www.evearly.news\/fr\/wp-content\/uploads\/sites\/6\/2024\/09\/comment-la6-sportback-e-tron-est-devenue-laudi-la-plus-aerodynamique-2.jpg 1024w, https:\/\/www.evearly.news\/fr\/wp-content\/uploads\/sites\/6\/2024\/09\/comment-la6-sportback-e-tron-est-devenue-laudi-la-plus-aerodynamique-3.jpg 140w, https:\/\/www.evearly.news\/fr\/wp-content\/uploads\/sites\/6\/2024\/09\/comment-la6-sportback-e-tron-est-devenue-laudi-la-plus-aerodynamique-4.jpg 768w, https:\/\/www.evearly.news\/fr\/wp-content\/uploads\/sites\/6\/2024\/09\/comment-la6-sportback-e-tron-est-devenue-laudi-la-plus-aerodynamique-5.jpg 1536w, https:\/\/www.evearly.news\/fr\/wp-content\/uploads\/sites\/6\/2024\/09\/comment-la6-sportback-e-tron-est-devenue-laudi-la-plus-aerodynamique-6.jpg 620w, https:\/\/www.evearly.news\/fr\/wp-content\/uploads\/sites\/6\/2024\/09\/comment-la6-sportback-e-tron-est-devenue-laudi-la-plus-aerodynamique-7.jpg 100w, https:\/\/www.evearly.news\/fr\/wp-content\/uploads\/sites\/6\/2024\/09\/comment-la6-sportback-e-tron-est-devenue-laudi-la-plus-aerodynamique-8.jpg 190w, https:\/\/cdn.automobile-propre.com\/uploads\/2024\/09\/Audi-A6-Sportback-e-tron-385x252.jpg 385w\" sizes=\"auto, (max-width: 1200px) 100vw, 1200px\" \/><br \/>\nAvec l&rsquo;A6 Sportback e-tron, Audi a cr\u00e9\u00e9 la voiture la plus a\u00e9rodynamique jamais sortie de ses usines. La firme explique\u2026\u00a0<a href=\"https:\/\/www.automobile-propre.com\/articles\/comment-la6-sportback-e-tron-est-devenue-laudi-la-plus-aerodynamique\/\" target='bwindow' rel=\"noopener\">Lire la suite&#8230;<\/a><\/p>\n","protected":false},"excerpt":{"rendered":"<p>&#8230; <a class=\"continue-reading-link\" href=\"https:\/\/www.evearly.news\/fr\/comment-la6-sportback-e-tron-est-devenue-laudi-la-plus-aerodynamique\/\"><\/a><\/p>\n","protected":false},"author":8,"featured_media":288348,"comment_status":"closed","ping_status":"open","sticky":false,"template":"Default","format":"standard","meta":{"footnotes":""},"categories":[8],"tags":[],"class_list":["post-288347","post","type-post","status-publish","format-standard","has-post-thumbnail","hentry","category-automobile-propre"],"_links":{"self":[{"href":"https:\/\/www.evearly.news\/fr\/wp-json\/wp\/v2\/posts\/288347","targetHints":{"allow":["GET"]}}],"collection":[{"href":"https:\/\/www.evearly.news\/fr\/wp-json\/wp\/v2\/posts"}],"about":[{"href":"https:\/\/www.evearly.news\/fr\/wp-json\/wp\/v2\/types\/post"}],"author":[{"embeddable":true,"href":"https:\/\/www.evearly.news\/fr\/wp-json\/wp\/v2\/users\/8"}],"replies":[{"embeddable":true,"href":"https:\/\/www.evearly.news\/fr\/wp-json\/wp\/v2\/comments?post=288347"}],"version-history":[{"count":0,"href":"https:\/\/www.evearly.news\/fr\/wp-json\/wp\/v2\/posts\/288347\/revisions"}],"wp:featuredmedia":[{"embeddable":true,"href":"https:\/\/www.evearly.news\/fr\/wp-json\/wp\/v2\/media\/288348"}],"wp:attachment":[{"href":"https:\/\/www.evearly.news\/fr\/wp-json\/wp\/v2\/media?parent=288347"}],"wp:term":[{"taxonomy":"category","embeddable":true,"href":"https:\/\/www.evearly.news\/fr\/wp-json\/wp\/v2\/categories?post=288347"},{"taxonomy":"post_tag","embeddable":true,"href":"https:\/\/www.evearly.news\/fr\/wp-json\/wp\/v2\/tags?post=288347"}],"curies":[{"name":"wp","href":"https:\/\/api.w.org\/{rel}","templated":true}]}}