{"id":288822,"date":"2024-10-07T09:03:30","date_gmt":"2024-10-07T07:03:30","guid":{"rendered":"https:\/\/www.evearly.news\/fr\/renault-devoile-les-nouveaux-prix-plus-abordables-de-la-r5-electrique-les-25-000-e-en-approche\/"},"modified":"2024-10-07T09:03:30","modified_gmt":"2024-10-07T07:03:30","slug":"renault-devoile-les-nouveaux-prix-plus-abordables-de-la-r5-electrique-les-25-000-e-en-approche","status":"publish","type":"post","link":"https:\/\/www.evearly.news\/fr\/renault-devoile-les-nouveaux-prix-plus-abordables-de-la-r5-electrique-les-25-000-e-en-approche\/","title":{"rendered":"Renault d\u00e9voile les nouveaux prix plus abordables de la R5 \u00e9lectrique : les 25 000 \u20ac en approche"},"content":{"rendered":"<p><img width=\"1200\" height=\"674\" src=\"https:\/\/www.evearly.news\/fr\/wp-content\/uploads\/sites\/6\/2024\/10\/renault-devoile-les-nouveaux-prix-plus-abordables-de-la-r5-electrique-les-25-000-e-en-approche.jpg\" class=\"attachment-large size-large wp-post-image\" alt=\"\" decoding=\"async\" loading=\"lazy\" \/<br \/>\nSi la Renault 5 E-Tech \u00e9lectrique a entam\u00e9 sa commercialisation avec les versions les plus on\u00e9reuses, les mod\u00e8les plus abordables arrivent, gr\u00e2ce \u00e0 une \u00ab\u00a0petite\u00a0\u00bb batterie et une finition d&rsquo;entr\u00e9e de gamme. Les prix baissent, mais il faudra encore un peu attendre pour la R5 \u00e9lectrique \u00e0 25 000 euros hors bonus. Voici leurs tarifs.<br \/>\n <a href=\"https:\/\/www.frandroid.com\/marques\/renault\/2357904_la-renault-5-e-tech-r5-electrique-se-rapproche-des-25-000-euros-avec-ces-nouvelles-versions\" target='bwindow' rel=\"noopener\">Lire la suite&#8230;<\/a><\/p>\n","protected":false},"excerpt":{"rendered":"<p>&lt;img width=&quot;1200&quot; height=&quot;674&quot; src=&quot;https:\/\/www.evearly.news\/fr\/wp-content\/uploads\/sites\/6\/2024\/10\/renault-devoile-les-nouveaux-prix-plus-abordables-de-la-r5-electrique-les-25-000-e-en-approche.jpg&quot; class=&quot;attachment-large size-large wp-post-image&quot; alt=&quot;&quot; decoding=&quot;async&quot; loading=&quot;lazy&quot; \/<br \/>\nSi la Renault 5 E-Tech \u00e9lectrique a entam\u00e9 sa commercialisation avec les versions les plus on\u00e9reuses, les mod\u00e8les plus abordables arrivent, gr\u00e2ce \u00e0 une \u00ab\u00a0petite\u00a0\u00bb batterie et une finition d&rsquo;entr\u00e9e de gamme. Les prix baissent, mais il faudra encore un peu attendre pour la R5 \u00e9lectrique \u00e0 25 000 euros hors bonus. Voici leurs tarifs.\n<\/p>\n<p> <a class=\"continue-reading-link\" href=\"https:\/\/www.evearly.news\/fr\/renault-devoile-les-nouveaux-prix-plus-abordables-de-la-r5-electrique-les-25-000-e-en-approche\/\"><\/a><\/p>\n","protected":false},"author":6,"featured_media":288823,"comment_status":"closed","ping_status":"open","sticky":false,"template":"Default","format":"standard","meta":{"footnotes":""},"categories":[14],"tags":[],"class_list":["post-288822","post","type-post","status-publish","format-standard","has-post-thumbnail","hentry","category-frandroid"],"_links":{"self":[{"href":"https:\/\/www.evearly.news\/fr\/wp-json\/wp\/v2\/posts\/288822","targetHints":{"allow":["GET"]}}],"collection":[{"href":"https:\/\/www.evearly.news\/fr\/wp-json\/wp\/v2\/posts"}],"about":[{"href":"https:\/\/www.evearly.news\/fr\/wp-json\/wp\/v2\/types\/post"}],"author":[{"embeddable":true,"href":"https:\/\/www.evearly.news\/fr\/wp-json\/wp\/v2\/users\/6"}],"replies":[{"embeddable":true,"href":"https:\/\/www.evearly.news\/fr\/wp-json\/wp\/v2\/comments?post=288822"}],"version-history":[{"count":0,"href":"https:\/\/www.evearly.news\/fr\/wp-json\/wp\/v2\/posts\/288822\/revisions"}],"wp:featuredmedia":[{"embeddable":true,"href":"https:\/\/www.evearly.news\/fr\/wp-json\/wp\/v2\/media\/288823"}],"wp:attachment":[{"href":"https:\/\/www.evearly.news\/fr\/wp-json\/wp\/v2\/media?parent=288822"}],"wp:term":[{"taxonomy":"category","embeddable":true,"href":"https:\/\/www.evearly.news\/fr\/wp-json\/wp\/v2\/categories?post=288822"},{"taxonomy":"post_tag","embeddable":true,"href":"https:\/\/www.evearly.news\/fr\/wp-json\/wp\/v2\/tags?post=288822"}],"curies":[{"name":"wp","href":"https:\/\/api.w.org\/{rel}","templated":true}]}}