{"id":288933,"date":"2024-10-08T12:50:04","date_gmt":"2024-10-08T10:50:04","guid":{"rendered":"https:\/\/www.evearly.news\/fr\/la-trajectoire-de-la-navette-electrique-ferroviaire-draisy-se-precise\/"},"modified":"2024-10-08T12:50:04","modified_gmt":"2024-10-08T10:50:04","slug":"la-trajectoire-de-la-navette-electrique-ferroviaire-draisy-se-precise","status":"publish","type":"post","link":"https:\/\/www.evearly.news\/fr\/la-trajectoire-de-la-navette-electrique-ferroviaire-draisy-se-precise\/","title":{"rendered":"La trajectoire de la navette \u00e9lectrique ferroviaire Draisy se pr\u00e9cise"},"content":{"rendered":"<p><img width=\"1000\" height=\"563\" src=\"https:\/\/www.evearly.news\/fr\/wp-content\/uploads\/sites\/6\/2024\/10\/la-trajectoire-de-la-navette-electrique-ferroviaire-draisy-se-precise.jpg\" class=\"attachment-post-thumbnail size-post-thumbnail wp-post-image\" alt=\"Navette ferroviaire \u00e9lectrique Draisy\" decoding=\"async\" fetchpriority=\"high\" srcset=\"https:\/\/www.evearly.news\/fr\/wp-content\/uploads\/sites\/6\/2024\/10\/la-trajectoire-de-la-navette-electrique-ferroviaire-draisy-se-precise.jpg 1000w, https:\/\/www.evearly.news\/fr\/wp-content\/uploads\/sites\/6\/2024\/10\/la-trajectoire-de-la-navette-electrique-ferroviaire-draisy-se-precise-1.jpg 300w, https:\/\/www.evearly.news\/fr\/wp-content\/uploads\/sites\/6\/2024\/10\/la-trajectoire-de-la-navette-electrique-ferroviaire-draisy-se-precise-2.jpg 998w, https:\/\/www.avem.fr\/wp-content\/uploads\/2024\/10\/ACTE1008_Draisy-768x432.jpg 768w\" sizes=\"(max-width: 1000px) 100vw, 1000px\" \/>Que ce soit pour le fret ou transporter jusqu\u2019\u00e0 80 personnes, la navette \u00e9lectrique Draisy construite par Lohr int\u00e9resse la SNCF pour des voies peu fr\u00e9quent\u00e9es ou actuellement ferm\u00e9es. \u00a0 L\u00e9ger, compact et d\u2019une autonomie de 100 km En mars 2022, la SNCF sortait le concept Draisy de son programme [\u2026] <a href=\"https:\/\/www.avem.fr\/2024\/10\/08\/la-trajectoire-de-la-navette-electrique-ferroviaire-draisy-se-precise\/\" target=\"blank\" rel=\"noopener\">Lire la suite&#8230;<\/a><\/p>\n","protected":false},"excerpt":{"rendered":"<p><img loading=\"lazy\" decoding=\"async\" width=\"1000\" height=\"563\" src=\"https:\/\/www.evearly.news\/fr\/wp-content\/uploads\/sites\/6\/2024\/10\/la-trajectoire-de-la-navette-electrique-ferroviaire-draisy-se-precise.jpg\" class=\"attachment-post-thumbnail size-post-thumbnail wp-post-image\" alt=\"Navette ferroviaire \u00e9lectrique Draisy\" \/>Que ce soit pour le fret ou transporter jusqu\u2019\u00e0 80 personnes, la navette \u00e9lectrique Draisy construite par Lohr int\u00e9resse la SNCF pour des voies peu fr\u00e9quent\u00e9es ou actuellement ferm\u00e9es. \u00a0 L\u00e9ger, compact et d\u2019une autonomie de 100 km En mars 2022, la SNCF sortait le concept Draisy de son programme [\u2026] <a class=\"continue-reading-link\" href=\"https:\/\/www.evearly.news\/fr\/la-trajectoire-de-la-navette-electrique-ferroviaire-draisy-se-precise\/\"><\/a><\/p>\n","protected":false},"author":3,"featured_media":288934,"comment_status":"closed","ping_status":"open","sticky":false,"template":"Default","format":"standard","meta":{"footnotes":""},"categories":[3],"tags":[],"class_list":["post-288933","post","type-post","status-publish","format-standard","has-post-thumbnail","hentry","category-avem"],"_links":{"self":[{"href":"https:\/\/www.evearly.news\/fr\/wp-json\/wp\/v2\/posts\/288933","targetHints":{"allow":["GET"]}}],"collection":[{"href":"https:\/\/www.evearly.news\/fr\/wp-json\/wp\/v2\/posts"}],"about":[{"href":"https:\/\/www.evearly.news\/fr\/wp-json\/wp\/v2\/types\/post"}],"author":[{"embeddable":true,"href":"https:\/\/www.evearly.news\/fr\/wp-json\/wp\/v2\/users\/3"}],"replies":[{"embeddable":true,"href":"https:\/\/www.evearly.news\/fr\/wp-json\/wp\/v2\/comments?post=288933"}],"version-history":[{"count":0,"href":"https:\/\/www.evearly.news\/fr\/wp-json\/wp\/v2\/posts\/288933\/revisions"}],"wp:featuredmedia":[{"embeddable":true,"href":"https:\/\/www.evearly.news\/fr\/wp-json\/wp\/v2\/media\/288934"}],"wp:attachment":[{"href":"https:\/\/www.evearly.news\/fr\/wp-json\/wp\/v2\/media?parent=288933"}],"wp:term":[{"taxonomy":"category","embeddable":true,"href":"https:\/\/www.evearly.news\/fr\/wp-json\/wp\/v2\/categories?post=288933"},{"taxonomy":"post_tag","embeddable":true,"href":"https:\/\/www.evearly.news\/fr\/wp-json\/wp\/v2\/tags?post=288933"}],"curies":[{"name":"wp","href":"https:\/\/api.w.org\/{rel}","templated":true}]}}