{"id":288935,"date":"2024-10-08T12:51:43","date_gmt":"2024-10-08T10:51:43","guid":{"rendered":"https:\/\/www.evearly.news\/fr\/tesla-lance-une-model-3-offrant-700-km-dautonomie-en-europe\/"},"modified":"2024-10-08T12:51:43","modified_gmt":"2024-10-08T10:51:43","slug":"tesla-lance-une-model-3-offrant-700-km-dautonomie-en-europe","status":"publish","type":"post","link":"https:\/\/www.evearly.news\/fr\/tesla-lance-une-model-3-offrant-700-km-dautonomie-en-europe\/","title":{"rendered":"Tesla lance une Model 3 offrant 700 km d\u2019autonomie en Europe"},"content":{"rendered":"<p><img decoding=\"async\" src=\"https:\/\/www.evearly.news\/fr\/wp-content\/uploads\/sites\/6\/2024\/10\/tesla-lance-une-model-3-offrant-700-km-dautonomie-en-europe.webp\" alt=\"auto-moto\"><br \/>D\u00e9j\u00e0 propos\u00e9e au catalogue avant le restylage, la Tesla Model 3 Grande Autonomie Propulsion revient avec une mise \u00e0 jour. Cela lui permet d\u2019atteindre les 700 km d\u2019autonomie, pour un prix toujours tr\u00e8s comp\u00e9titif. <a href=\"https:\/\/www.auto-moto.com\/electrique\/tesla-lance-une-model-3-offrant-700-km-d-autonomie-en-europe-46977\" target=\"blank\" rel=\"noopener\">Lire la suite&#8230;<\/a><\/p>\n","protected":false},"excerpt":{"rendered":"<p>D\u00e9j\u00e0 propos\u00e9e au catalogue avant le restylage, la Tesla Model 3 Grande Autonomie Propulsion revient avec une mise \u00e0 jour. Cela lui permet d\u2019atteindre les 700 km d\u2019autonomie, pour un prix toujours tr\u00e8s comp\u00e9titif&#8230;. <a class=\"continue-reading-link\" href=\"https:\/\/www.evearly.news\/fr\/tesla-lance-une-model-3-offrant-700-km-dautonomie-en-europe\/\"><\/a><\/p>\n","protected":false},"author":9,"featured_media":288936,"comment_status":"closed","ping_status":"open","sticky":false,"template":"Default","format":"standard","meta":{"footnotes":""},"categories":[10],"tags":[],"class_list":["post-288935","post","type-post","status-publish","format-standard","has-post-thumbnail","hentry","category-auto-moto-com"],"_links":{"self":[{"href":"https:\/\/www.evearly.news\/fr\/wp-json\/wp\/v2\/posts\/288935","targetHints":{"allow":["GET"]}}],"collection":[{"href":"https:\/\/www.evearly.news\/fr\/wp-json\/wp\/v2\/posts"}],"about":[{"href":"https:\/\/www.evearly.news\/fr\/wp-json\/wp\/v2\/types\/post"}],"author":[{"embeddable":true,"href":"https:\/\/www.evearly.news\/fr\/wp-json\/wp\/v2\/users\/9"}],"replies":[{"embeddable":true,"href":"https:\/\/www.evearly.news\/fr\/wp-json\/wp\/v2\/comments?post=288935"}],"version-history":[{"count":0,"href":"https:\/\/www.evearly.news\/fr\/wp-json\/wp\/v2\/posts\/288935\/revisions"}],"wp:featuredmedia":[{"embeddable":true,"href":"https:\/\/www.evearly.news\/fr\/wp-json\/wp\/v2\/media\/288936"}],"wp:attachment":[{"href":"https:\/\/www.evearly.news\/fr\/wp-json\/wp\/v2\/media?parent=288935"}],"wp:term":[{"taxonomy":"category","embeddable":true,"href":"https:\/\/www.evearly.news\/fr\/wp-json\/wp\/v2\/categories?post=288935"},{"taxonomy":"post_tag","embeddable":true,"href":"https:\/\/www.evearly.news\/fr\/wp-json\/wp\/v2\/tags?post=288935"}],"curies":[{"name":"wp","href":"https:\/\/api.w.org\/{rel}","templated":true}]}}