{"id":288945,"date":"2024-10-08T13:06:31","date_gmt":"2024-10-08T11:06:31","guid":{"rendered":"https:\/\/www.evearly.news\/fr\/voici-les-prix-de-la-voiture-electrique-daudi-aux-757-km-dautonomie-la6-e-tron-avec-sa-batterie-xxl\/"},"modified":"2024-10-08T13:06:31","modified_gmt":"2024-10-08T11:06:31","slug":"voici-les-prix-de-la-voiture-electrique-daudi-aux-757-km-dautonomie-la6-e-tron-avec-sa-batterie-xxl","status":"publish","type":"post","link":"https:\/\/www.evearly.news\/fr\/voici-les-prix-de-la-voiture-electrique-daudi-aux-757-km-dautonomie-la6-e-tron-avec-sa-batterie-xxl\/","title":{"rendered":"Voici les prix de la voiture \u00e9lectrique d\u2019Audi aux 757 km d\u2019autonomie : l\u2019A6 e-tron avec sa batterie XXL"},"content":{"rendered":"<p><img loading=\"lazy\" width=\"1200\" height=\"900\" src=\"https:\/\/www.evearly.news\/fr\/wp-content\/uploads\/sites\/6\/2024\/10\/voici-les-prix-de-la-voiture-electrique-daudi-aux-757-km-dautonomie-la6-e-tron-avec-sa-batterie-xxl.jpg\" class=\"attachment-large size-large wp-post-image\" alt=\"\" decoding=\"async\" \/<br \/>\nApr\u00e8s avoir d\u00e9couvert le mod\u00e8le cet \u00e9t\u00e9, voici les tarifs et l&rsquo;ouverture des commandes de l&rsquo;Audi A6 e-tron en France, avec une autonomie de 757 km pour certaines versions, et une recharge ultra-rapide.<br \/>\n <a href=\"https:\/\/www.frandroid.com\/survoltes\/voitures-electriques\/2361950_voici-les-prix-de-la-voiture-electrique-daudi-aux-757-km-dautonomie-la6-e-tron-avec-sa-batterie-xxl\" target='bwindow' rel=\"noopener\">Lire la suite&#8230;<\/a><\/p>\n","protected":false},"excerpt":{"rendered":"<p>&lt;img width=&quot;1200&quot; height=&quot;900&quot; src=&quot;https:\/\/www.evearly.news\/fr\/wp-content\/uploads\/sites\/6\/2024\/10\/voici-les-prix-de-la-voiture-electrique-daudi-aux-757-km-dautonomie-la6-e-tron-avec-sa-batterie-xxl.jpg&quot; class=&quot;attachment-large size-large wp-post-image&quot; alt=&quot;&quot; decoding=&quot;async&quot; \/<br \/>\nApr\u00e8s avoir d\u00e9couvert le mod\u00e8le cet \u00e9t\u00e9, voici les tarifs et l&rsquo;ouverture des commandes de l&rsquo;Audi A6 e-tron en France, avec une autonomie de 757 km pour certaines versions, et une recharge ultra-rapide.\n<\/p>\n<p> <a class=\"continue-reading-link\" href=\"https:\/\/www.evearly.news\/fr\/voici-les-prix-de-la-voiture-electrique-daudi-aux-757-km-dautonomie-la6-e-tron-avec-sa-batterie-xxl\/\"><\/a><\/p>\n","protected":false},"author":6,"featured_media":288946,"comment_status":"closed","ping_status":"open","sticky":false,"template":"Default","format":"standard","meta":{"footnotes":""},"categories":[14],"tags":[],"class_list":["post-288945","post","type-post","status-publish","format-standard","has-post-thumbnail","hentry","category-frandroid"],"_links":{"self":[{"href":"https:\/\/www.evearly.news\/fr\/wp-json\/wp\/v2\/posts\/288945","targetHints":{"allow":["GET"]}}],"collection":[{"href":"https:\/\/www.evearly.news\/fr\/wp-json\/wp\/v2\/posts"}],"about":[{"href":"https:\/\/www.evearly.news\/fr\/wp-json\/wp\/v2\/types\/post"}],"author":[{"embeddable":true,"href":"https:\/\/www.evearly.news\/fr\/wp-json\/wp\/v2\/users\/6"}],"replies":[{"embeddable":true,"href":"https:\/\/www.evearly.news\/fr\/wp-json\/wp\/v2\/comments?post=288945"}],"version-history":[{"count":0,"href":"https:\/\/www.evearly.news\/fr\/wp-json\/wp\/v2\/posts\/288945\/revisions"}],"wp:featuredmedia":[{"embeddable":true,"href":"https:\/\/www.evearly.news\/fr\/wp-json\/wp\/v2\/media\/288946"}],"wp:attachment":[{"href":"https:\/\/www.evearly.news\/fr\/wp-json\/wp\/v2\/media?parent=288945"}],"wp:term":[{"taxonomy":"category","embeddable":true,"href":"https:\/\/www.evearly.news\/fr\/wp-json\/wp\/v2\/categories?post=288945"},{"taxonomy":"post_tag","embeddable":true,"href":"https:\/\/www.evearly.news\/fr\/wp-json\/wp\/v2\/tags?post=288945"}],"curies":[{"name":"wp","href":"https:\/\/api.w.org\/{rel}","templated":true}]}}