{"id":288949,"date":"2024-10-08T13:54:41","date_gmt":"2024-10-08T11:54:41","guid":{"rendered":"https:\/\/www.evearly.news\/fr\/combien-de-voitures-electriques-sur-les-routes-plus-que-vous-ne-limaginez\/"},"modified":"2024-10-08T13:54:41","modified_gmt":"2024-10-08T11:54:41","slug":"combien-de-voitures-electriques-sur-les-routes-plus-que-vous-ne-limaginez","status":"publish","type":"post","link":"https:\/\/www.evearly.news\/fr\/combien-de-voitures-electriques-sur-les-routes-plus-que-vous-ne-limaginez\/","title":{"rendered":"Combien de voitures \u00e9lectriques sur les routes ? Plus que vous ne l\u2019imaginez !"},"content":{"rendered":"<div class=\"media_block\"><img decoding=\"async\" src=\"https:\/\/www.evearly.news\/fr\/wp-content\/uploads\/sites\/6\/2024\/10\/combien-de-voitures-electriques-sur-les-routes-plus-que-vous-ne-limaginez.jpg\"><\/div>\n<p>Le parc automobile europ\u00e9en est cons\u00e9quent, avec ses 250 millions de v\u00e9hicules l\u00e9gers. Mais combien d&rsquo;\u00e9lectriques au juste ? Le chiffre pourrait vous surprendre, alors que de nombreux pays n&rsquo;en ont pas les moyens. <a href=\"https:\/\/www.automobile-magazine.fr\/voitures-electriques\/article\/44968-combien-de-voitures-electriques-sur-les-routes-plus-que-vous-ne-limaginez\" target='bwindow' rel=\"noopener\">Lire la suite&#8230;<\/a><\/p>\n","protected":false},"excerpt":{"rendered":"<div class=\"media_block\"><img decoding=\"async\" src=\"https:\/\/www.evearly.news\/fr\/wp-content\/uploads\/sites\/6\/2024\/10\/combien-de-voitures-electriques-sur-les-routes-plus-que-vous-ne-limaginez.jpg\"><\/div>\n<p> <a class=\"continue-reading-link\" href=\"https:\/\/www.evearly.news\/fr\/combien-de-voitures-electriques-sur-les-routes-plus-que-vous-ne-limaginez\/\"><\/a><\/p>\n","protected":false},"author":7,"featured_media":288950,"comment_status":"closed","ping_status":"open","sticky":false,"template":"Default","format":"standard","meta":{"footnotes":""},"categories":[7],"tags":[],"class_list":["post-288949","post","type-post","status-publish","format-standard","has-post-thumbnail","hentry","category-automobile-magazine"],"_links":{"self":[{"href":"https:\/\/www.evearly.news\/fr\/wp-json\/wp\/v2\/posts\/288949","targetHints":{"allow":["GET"]}}],"collection":[{"href":"https:\/\/www.evearly.news\/fr\/wp-json\/wp\/v2\/posts"}],"about":[{"href":"https:\/\/www.evearly.news\/fr\/wp-json\/wp\/v2\/types\/post"}],"author":[{"embeddable":true,"href":"https:\/\/www.evearly.news\/fr\/wp-json\/wp\/v2\/users\/7"}],"replies":[{"embeddable":true,"href":"https:\/\/www.evearly.news\/fr\/wp-json\/wp\/v2\/comments?post=288949"}],"version-history":[{"count":0,"href":"https:\/\/www.evearly.news\/fr\/wp-json\/wp\/v2\/posts\/288949\/revisions"}],"wp:featuredmedia":[{"embeddable":true,"href":"https:\/\/www.evearly.news\/fr\/wp-json\/wp\/v2\/media\/288950"}],"wp:attachment":[{"href":"https:\/\/www.evearly.news\/fr\/wp-json\/wp\/v2\/media?parent=288949"}],"wp:term":[{"taxonomy":"category","embeddable":true,"href":"https:\/\/www.evearly.news\/fr\/wp-json\/wp\/v2\/categories?post=288949"},{"taxonomy":"post_tag","embeddable":true,"href":"https:\/\/www.evearly.news\/fr\/wp-json\/wp\/v2\/tags?post=288949"}],"curies":[{"name":"wp","href":"https:\/\/api.w.org\/{rel}","templated":true}]}}