{"id":288951,"date":"2024-10-08T14:53:32","date_gmt":"2024-10-08T12:53:32","guid":{"rendered":"https:\/\/www.evearly.news\/fr\/skoda-reporte-le-lancement-dun-break-electrique-octavia\/"},"modified":"2024-10-08T14:53:32","modified_gmt":"2024-10-08T12:53:32","slug":"skoda-reporte-le-lancement-dun-break-electrique-octavia","status":"publish","type":"post","link":"https:\/\/www.evearly.news\/fr\/skoda-reporte-le-lancement-dun-break-electrique-octavia\/","title":{"rendered":"Skoda reporte le lancement d\u2019un break \u00e9lectrique Octavia"},"content":{"rendered":"<p><img loading=\"lazy\" decoding=\"async\" width=\"500\" height=\"333\" src=\"https:\/\/www.evearly.news\/fr\/wp-content\/uploads\/sites\/6\/2024\/10\/skoda-reporte-le-lancement-dun-break-electrique-octavia.jpg\" class=\"attachment-1200x800 size-1200x800 wp-post-image\" alt=\"\" srcset=\"https:\/\/www.evearly.news\/fr\/wp-content\/uploads\/sites\/6\/2024\/10\/skoda-reporte-le-lancement-dun-break-electrique-octavia.jpg 1200w, https:\/\/www.evearly.news\/fr\/wp-content\/uploads\/sites\/6\/2024\/10\/skoda-reporte-le-lancement-dun-break-electrique-octavia-1.jpg 1024w, https:\/\/www.evearly.news\/fr\/wp-content\/uploads\/sites\/6\/2024\/10\/skoda-reporte-le-lancement-dun-break-electrique-octavia-2.jpg 140w, https:\/\/www.evearly.news\/fr\/wp-content\/uploads\/sites\/6\/2024\/10\/skoda-reporte-le-lancement-dun-break-electrique-octavia-3.jpg 768w, https:\/\/www.evearly.news\/fr\/wp-content\/uploads\/sites\/6\/2024\/10\/skoda-reporte-le-lancement-dun-break-electrique-octavia-4.jpg 620w, https:\/\/www.evearly.news\/fr\/wp-content\/uploads\/sites\/6\/2024\/10\/skoda-reporte-le-lancement-dun-break-electrique-octavia-5.jpg 100w, https:\/\/www.evearly.news\/fr\/wp-content\/uploads\/sites\/6\/2024\/10\/skoda-reporte-le-lancement-dun-break-electrique-octavia-6.jpg 190w, https:\/\/cdn.automobile-propre.com\/uploads\/2021\/11\/Essai-Skoda-Octavia-iV-Hybride-Rechargeable-13-600x400.jpg 600w\" sizes=\"auto, (max-width: 1200px) 100vw, 1200px\" \/><br \/>\nSkoda patientera encore un peu avant de proposer une gamme \u00e9lectrique compl\u00e8te. Le nouveau break \u00e9lectrique qui devait prendre la suite de la lign\u00e9e Octavia est ainsi report\u00e9 de deux ans. Et les mod\u00e8les thermiques resteront jusqu&rsquo;en 2030. Au moins.\u00a0<a href=\"https:\/\/www.automobile-propre.com\/breves\/skoda-reporte-le-lancement-dun-break-electrique-octavia\/\" target='bwindow' rel=\"noopener\">Lire la suite&#8230;<\/a><\/p>\n","protected":false},"excerpt":{"rendered":"<p>&#8230; <a class=\"continue-reading-link\" href=\"https:\/\/www.evearly.news\/fr\/skoda-reporte-le-lancement-dun-break-electrique-octavia\/\"><\/a><\/p>\n","protected":false},"author":8,"featured_media":288952,"comment_status":"closed","ping_status":"open","sticky":false,"template":"Default","format":"standard","meta":{"footnotes":""},"categories":[8],"tags":[],"class_list":["post-288951","post","type-post","status-publish","format-standard","has-post-thumbnail","hentry","category-automobile-propre"],"_links":{"self":[{"href":"https:\/\/www.evearly.news\/fr\/wp-json\/wp\/v2\/posts\/288951","targetHints":{"allow":["GET"]}}],"collection":[{"href":"https:\/\/www.evearly.news\/fr\/wp-json\/wp\/v2\/posts"}],"about":[{"href":"https:\/\/www.evearly.news\/fr\/wp-json\/wp\/v2\/types\/post"}],"author":[{"embeddable":true,"href":"https:\/\/www.evearly.news\/fr\/wp-json\/wp\/v2\/users\/8"}],"replies":[{"embeddable":true,"href":"https:\/\/www.evearly.news\/fr\/wp-json\/wp\/v2\/comments?post=288951"}],"version-history":[{"count":0,"href":"https:\/\/www.evearly.news\/fr\/wp-json\/wp\/v2\/posts\/288951\/revisions"}],"wp:featuredmedia":[{"embeddable":true,"href":"https:\/\/www.evearly.news\/fr\/wp-json\/wp\/v2\/media\/288952"}],"wp:attachment":[{"href":"https:\/\/www.evearly.news\/fr\/wp-json\/wp\/v2\/media?parent=288951"}],"wp:term":[{"taxonomy":"category","embeddable":true,"href":"https:\/\/www.evearly.news\/fr\/wp-json\/wp\/v2\/categories?post=288951"},{"taxonomy":"post_tag","embeddable":true,"href":"https:\/\/www.evearly.news\/fr\/wp-json\/wp\/v2\/tags?post=288951"}],"curies":[{"name":"wp","href":"https:\/\/api.w.org\/{rel}","templated":true}]}}