{"id":289124,"date":"2024-10-11T08:22:53","date_gmt":"2024-10-11T06:22:53","guid":{"rendered":"https:\/\/www.evearly.news\/fr\/tesla-optimus-le-robot-humanoide-fait-le-show-pour-la-presentation-du-cybercab-mais-a-quoi-bon\/"},"modified":"2024-10-11T08:22:53","modified_gmt":"2024-10-11T06:22:53","slug":"tesla-optimus-le-robot-humanoide-fait-le-show-pour-la-presentation-du-cybercab-mais-a-quoi-bon","status":"publish","type":"post","link":"https:\/\/www.evearly.news\/fr\/tesla-optimus-le-robot-humanoide-fait-le-show-pour-la-presentation-du-cybercab-mais-a-quoi-bon\/","title":{"rendered":"Tesla Optimus : le robot humano\u00efde fait le show pour la pr\u00e9sentation du Cybercab, mais \u00e0 quoi bon ?"},"content":{"rendered":"<p><img decoding=\"async\" width=\"500\" height=\"333\" src=\"https:\/\/www.evearly.news\/fr\/wp-content\/uploads\/sites\/6\/2024\/10\/tesla-optimus-le-robot-humanoide-fait-le-show-pour-la-presentation-du-cybercab-mais-a-quoi-bon.jpg\" class=\"attachment-1200x800 size-1200x800 wp-post-image\" alt=\"\" loading=\"lazy\" srcset=\"https:\/\/www.evearly.news\/fr\/wp-content\/uploads\/sites\/6\/2024\/10\/tesla-optimus-le-robot-humanoide-fait-le-show-pour-la-presentation-du-cybercab-mais-a-quoi-bon.jpg 2048w, https:\/\/www.evearly.news\/fr\/wp-content\/uploads\/sites\/6\/2024\/10\/tesla-optimus-le-robot-humanoide-fait-le-show-pour-la-presentation-du-cybercab-mais-a-quoi-bon-1.jpg 1640w, https:\/\/www.evearly.news\/fr\/wp-content\/uploads\/sites\/6\/2024\/10\/tesla-optimus-le-robot-humanoide-fait-le-show-pour-la-presentation-du-cybercab-mais-a-quoi-bon-2.jpg 1024w, https:\/\/www.evearly.news\/fr\/wp-content\/uploads\/sites\/6\/2024\/10\/tesla-optimus-le-robot-humanoide-fait-le-show-pour-la-presentation-du-cybercab-mais-a-quoi-bon-3.jpg 768w, https:\/\/www.evearly.news\/fr\/wp-content\/uploads\/sites\/6\/2024\/10\/tesla-optimus-le-robot-humanoide-fait-le-show-pour-la-presentation-du-cybercab-mais-a-quoi-bon-4.jpg 1536w, https:\/\/cdn.automobile-propre.com\/uploads\/2024\/10\/Capture-de\u0301cran-2024-10-11-a\u0300-13.02.18-620x336.jpeg 620w\" sizes=\"auto, (max-width: 1200px) 100vw, 1200px\" \/><br \/>\nTesla prend un s\u00e9rieux virage vers le domaine de la robotique. La marque a donn\u00e9 des nouvelles de son robot\u2026\u00a0<a href=\"https:\/\/www.automobile-propre.com\/articles\/tesla-optimus-le-robot-humanoide-fait-le-show-pour-la-presentation-du-cybercab-mais-a-quoi-bon\/\" target='bwindow' rel=\"noopener\">Lire la suite&#8230;<\/a><\/p>\n","protected":false},"excerpt":{"rendered":"<p>&#8230; <a class=\"continue-reading-link\" href=\"https:\/\/www.evearly.news\/fr\/tesla-optimus-le-robot-humanoide-fait-le-show-pour-la-presentation-du-cybercab-mais-a-quoi-bon\/\"><\/a><\/p>\n","protected":false},"author":8,"featured_media":289125,"comment_status":"closed","ping_status":"open","sticky":false,"template":"Default","format":"standard","meta":{"footnotes":""},"categories":[8],"tags":[],"class_list":["post-289124","post","type-post","status-publish","format-standard","has-post-thumbnail","hentry","category-automobile-propre"],"_links":{"self":[{"href":"https:\/\/www.evearly.news\/fr\/wp-json\/wp\/v2\/posts\/289124","targetHints":{"allow":["GET"]}}],"collection":[{"href":"https:\/\/www.evearly.news\/fr\/wp-json\/wp\/v2\/posts"}],"about":[{"href":"https:\/\/www.evearly.news\/fr\/wp-json\/wp\/v2\/types\/post"}],"author":[{"embeddable":true,"href":"https:\/\/www.evearly.news\/fr\/wp-json\/wp\/v2\/users\/8"}],"replies":[{"embeddable":true,"href":"https:\/\/www.evearly.news\/fr\/wp-json\/wp\/v2\/comments?post=289124"}],"version-history":[{"count":0,"href":"https:\/\/www.evearly.news\/fr\/wp-json\/wp\/v2\/posts\/289124\/revisions"}],"wp:featuredmedia":[{"embeddable":true,"href":"https:\/\/www.evearly.news\/fr\/wp-json\/wp\/v2\/media\/289125"}],"wp:attachment":[{"href":"https:\/\/www.evearly.news\/fr\/wp-json\/wp\/v2\/media?parent=289124"}],"wp:term":[{"taxonomy":"category","embeddable":true,"href":"https:\/\/www.evearly.news\/fr\/wp-json\/wp\/v2\/categories?post=289124"},{"taxonomy":"post_tag","embeddable":true,"href":"https:\/\/www.evearly.news\/fr\/wp-json\/wp\/v2\/tags?post=289124"}],"curies":[{"name":"wp","href":"https:\/\/api.w.org\/{rel}","templated":true}]}}