{"id":289319,"date":"2024-10-14T10:52:47","date_gmt":"2024-10-14T08:52:47","guid":{"rendered":"https:\/\/www.evearly.news\/fr\/la-citroen-ami-sans-permis-se-refait-une-beaute\/"},"modified":"2024-10-14T10:52:47","modified_gmt":"2024-10-14T08:52:47","slug":"la-citroen-ami-sans-permis-se-refait-une-beaute","status":"publish","type":"post","link":"https:\/\/www.evearly.news\/fr\/la-citroen-ami-sans-permis-se-refait-une-beaute\/","title":{"rendered":"La Citro\u00ebn Ami sans permis se refait une beaut\u00e9"},"content":{"rendered":"<p><img width=\"1200\" height=\"800\" src=\"https:\/\/www.evearly.news\/fr\/wp-content\/uploads\/sites\/6\/2024\/10\/la-citroen-ami-sans-permis-se-refait-une-beaute.jpg\" class=\"attachment-large size-large wp-post-image\" alt=\"\" decoding=\"async\" loading=\"lazy\" \/<br \/>\nLa Citro\u00ebn Ami a quatre ans ! La petite voiture \u00e9lectrique sans permis, d\u00e9j\u00e0 vendue \u00e0 65 000 exemplaires, profite du Mondial de l&rsquo;Auto de Paris pour s&rsquo;offrir un petit restylage. De quoi aff\u00fbter ses armes face \u00e0 la concurrence qui ne cesse de se d\u00e9velopper. Nous sommes all\u00e9s la voir, voici notre premier avis.<br \/>\n <a href=\"https:\/\/www.frandroid.com\/marques\/citroen\/2368432_la-citroen-ami-sans-permis-se-refait-une-beaute\" target='bwindow' rel=\"noopener\">Lire la suite&#8230;<\/a><\/p>\n","protected":false},"excerpt":{"rendered":"<p>&lt;img width=&quot;1200&quot; height=&quot;800&quot; src=&quot;https:\/\/www.evearly.news\/fr\/wp-content\/uploads\/sites\/6\/2024\/10\/la-citroen-ami-sans-permis-se-refait-une-beaute.jpg&quot; class=&quot;attachment-large size-large wp-post-image&quot; alt=&quot;&quot; decoding=&quot;async&quot; loading=&quot;lazy&quot; \/<br \/>\nLa Citro\u00ebn Ami a quatre ans ! La petite voiture \u00e9lectrique sans permis, d\u00e9j\u00e0 vendue \u00e0 65 000 exemplaires, profite du Mondial de l&rsquo;Auto de Paris pour s&rsquo;offrir un petit restylage. De quoi aff\u00fbter ses armes face \u00e0 la concurrence qui ne cesse de se d\u00e9velopper. Nous sommes all\u00e9s la voir, voici notre premier avis.\n<\/p>\n<p> <a class=\"continue-reading-link\" href=\"https:\/\/www.evearly.news\/fr\/la-citroen-ami-sans-permis-se-refait-une-beaute\/\"><\/a><\/p>\n","protected":false},"author":6,"featured_media":289320,"comment_status":"closed","ping_status":"open","sticky":false,"template":"Default","format":"standard","meta":{"footnotes":""},"categories":[14],"tags":[],"class_list":["post-289319","post","type-post","status-publish","format-standard","has-post-thumbnail","hentry","category-frandroid"],"_links":{"self":[{"href":"https:\/\/www.evearly.news\/fr\/wp-json\/wp\/v2\/posts\/289319","targetHints":{"allow":["GET"]}}],"collection":[{"href":"https:\/\/www.evearly.news\/fr\/wp-json\/wp\/v2\/posts"}],"about":[{"href":"https:\/\/www.evearly.news\/fr\/wp-json\/wp\/v2\/types\/post"}],"author":[{"embeddable":true,"href":"https:\/\/www.evearly.news\/fr\/wp-json\/wp\/v2\/users\/6"}],"replies":[{"embeddable":true,"href":"https:\/\/www.evearly.news\/fr\/wp-json\/wp\/v2\/comments?post=289319"}],"version-history":[{"count":0,"href":"https:\/\/www.evearly.news\/fr\/wp-json\/wp\/v2\/posts\/289319\/revisions"}],"wp:featuredmedia":[{"embeddable":true,"href":"https:\/\/www.evearly.news\/fr\/wp-json\/wp\/v2\/media\/289320"}],"wp:attachment":[{"href":"https:\/\/www.evearly.news\/fr\/wp-json\/wp\/v2\/media?parent=289319"}],"wp:term":[{"taxonomy":"category","embeddable":true,"href":"https:\/\/www.evearly.news\/fr\/wp-json\/wp\/v2\/categories?post=289319"},{"taxonomy":"post_tag","embeddable":true,"href":"https:\/\/www.evearly.news\/fr\/wp-json\/wp\/v2\/tags?post=289319"}],"curies":[{"name":"wp","href":"https:\/\/api.w.org\/{rel}","templated":true}]}}