{"id":289321,"date":"2024-10-14T11:20:07","date_gmt":"2024-10-14T09:20:07","guid":{"rendered":"https:\/\/www.evearly.news\/fr\/citroen-presente-une-nouvelle-generation-dami-au-mondial-de-lautomobile-de-paris\/"},"modified":"2024-10-14T11:20:07","modified_gmt":"2024-10-14T09:20:07","slug":"citroen-presente-une-nouvelle-generation-dami-au-mondial-de-lautomobile-de-paris","status":"publish","type":"post","link":"https:\/\/www.evearly.news\/fr\/citroen-presente-une-nouvelle-generation-dami-au-mondial-de-lautomobile-de-paris\/","title":{"rendered":"Citro\u00ebn pr\u00e9sente une nouvelle g\u00e9n\u00e9ration d\u2019Ami au Mondial de l\u2019Automobile de Paris"},"content":{"rendered":"<p><img decoding=\"async\" src=\"https:\/\/www.evearly.news\/fr\/wp-content\/uploads\/sites\/6\/2024\/10\/citroen-presente-une-nouvelle-generation-dami-au-mondial-de-lautomobile-de-paris.webp\" alt=\"auto-moto\"><br \/>Citro\u00ebn c\u00e9l\u00e8bre les quatre ans de son quadricycle \u00e9lectrique Ami au Mondial de l\u2019Automobile avec la pr\u00e9sentation d\u2019une nouvelle version. Ce cru 2025 est aussi d\u00e9clin\u00e9 en variante \u201cvoiturette de plage\u201d, avec le concept Buggy Vision. <a href=\"https:\/\/www.auto-moto.com\/micro-citadine\/citroen-presente-une-nouvelle-generation-d-ami-au-mondial-de-l-automobile-de-paris-47306\" target=\"blank\" rel=\"noopener\">Lire la suite&#8230;<\/a><\/p>\n","protected":false},"excerpt":{"rendered":"<p>Citro\u00ebn c\u00e9l\u00e8bre les quatre ans de son quadricycle \u00e9lectrique Ami au Mondial de l\u2019Automobile avec la pr\u00e9sentation d\u2019une nouvelle version. Ce cru 2025 est aussi d\u00e9clin\u00e9 en variante \u201cvoiturette de plage\u201d, avec le concept Buggy Vision&#8230;. <a class=\"continue-reading-link\" href=\"https:\/\/www.evearly.news\/fr\/citroen-presente-une-nouvelle-generation-dami-au-mondial-de-lautomobile-de-paris\/\"><\/a><\/p>\n","protected":false},"author":9,"featured_media":289322,"comment_status":"closed","ping_status":"open","sticky":false,"template":"Default","format":"standard","meta":{"footnotes":""},"categories":[10],"tags":[],"class_list":["post-289321","post","type-post","status-publish","format-standard","has-post-thumbnail","hentry","category-auto-moto-com"],"_links":{"self":[{"href":"https:\/\/www.evearly.news\/fr\/wp-json\/wp\/v2\/posts\/289321","targetHints":{"allow":["GET"]}}],"collection":[{"href":"https:\/\/www.evearly.news\/fr\/wp-json\/wp\/v2\/posts"}],"about":[{"href":"https:\/\/www.evearly.news\/fr\/wp-json\/wp\/v2\/types\/post"}],"author":[{"embeddable":true,"href":"https:\/\/www.evearly.news\/fr\/wp-json\/wp\/v2\/users\/9"}],"replies":[{"embeddable":true,"href":"https:\/\/www.evearly.news\/fr\/wp-json\/wp\/v2\/comments?post=289321"}],"version-history":[{"count":0,"href":"https:\/\/www.evearly.news\/fr\/wp-json\/wp\/v2\/posts\/289321\/revisions"}],"wp:featuredmedia":[{"embeddable":true,"href":"https:\/\/www.evearly.news\/fr\/wp-json\/wp\/v2\/media\/289322"}],"wp:attachment":[{"href":"https:\/\/www.evearly.news\/fr\/wp-json\/wp\/v2\/media?parent=289321"}],"wp:term":[{"taxonomy":"category","embeddable":true,"href":"https:\/\/www.evearly.news\/fr\/wp-json\/wp\/v2\/categories?post=289321"},{"taxonomy":"post_tag","embeddable":true,"href":"https:\/\/www.evearly.news\/fr\/wp-json\/wp\/v2\/tags?post=289321"}],"curies":[{"name":"wp","href":"https:\/\/api.w.org\/{rel}","templated":true}]}}