{"id":289323,"date":"2024-10-14T11:21:42","date_gmt":"2024-10-14T09:21:42","guid":{"rendered":"https:\/\/www.evearly.news\/fr\/mg-cyberster-voici-le-prix-du-roadster-electrique-et-il-nest-pas-donne\/"},"modified":"2024-10-14T11:21:42","modified_gmt":"2024-10-14T09:21:42","slug":"mg-cyberster-voici-le-prix-du-roadster-electrique-et-il-nest-pas-donne","status":"publish","type":"post","link":"https:\/\/www.evearly.news\/fr\/mg-cyberster-voici-le-prix-du-roadster-electrique-et-il-nest-pas-donne\/","title":{"rendered":"MG Cyberster : voici le prix du roadster \u00e9lectrique (et il n\u2019est pas donn\u00e9)"},"content":{"rendered":"<p><img decoding=\"async\" width=\"500\" height=\"333\" src=\"https:\/\/www.evearly.news\/fr\/wp-content\/uploads\/sites\/6\/2024\/10\/mg-cyberster-voici-le-prix-du-roadster-electrique-et-il-nest-pas-donne.jpg\" class=\"attachment-1200x800 size-1200x800 wp-post-image\" alt=\"\" loading=\"lazy\" srcset=\"https:\/\/www.evearly.news\/fr\/wp-content\/uploads\/sites\/6\/2024\/10\/mg-cyberster-voici-le-prix-du-roadster-electrique-et-il-nest-pas-donne.jpg 1200w, https:\/\/www.evearly.news\/fr\/wp-content\/uploads\/sites\/6\/2024\/10\/mg-cyberster-voici-le-prix-du-roadster-electrique-et-il-nest-pas-donne-1.jpg 1024w, https:\/\/www.evearly.news\/fr\/wp-content\/uploads\/sites\/6\/2024\/10\/mg-cyberster-voici-le-prix-du-roadster-electrique-et-il-nest-pas-donne-2.jpg 140w, https:\/\/www.evearly.news\/fr\/wp-content\/uploads\/sites\/6\/2024\/10\/mg-cyberster-voici-le-prix-du-roadster-electrique-et-il-nest-pas-donne-3.jpg 768w, https:\/\/www.evearly.news\/fr\/wp-content\/uploads\/sites\/6\/2024\/10\/mg-cyberster-voici-le-prix-du-roadster-electrique-et-il-nest-pas-donne-4.jpg 620w, https:\/\/www.evearly.news\/fr\/wp-content\/uploads\/sites\/6\/2024\/10\/mg-cyberster-voici-le-prix-du-roadster-electrique-et-il-nest-pas-donne-5.jpg 100w, https:\/\/www.evearly.news\/fr\/wp-content\/uploads\/sites\/6\/2024\/10\/mg-cyberster-voici-le-prix-du-roadster-electrique-et-il-nest-pas-donne-6.jpg 190w, https:\/\/www.evearly.news\/fr\/wp-content\/uploads\/sites\/6\/2024\/10\/mg-cyberster-voici-le-prix-du-roadster-electrique-et-il-nest-pas-donne-7.jpg 600w, https:\/\/cdn.automobile-propre.com\/uploads\/2023\/06\/MG-Cyberster-Front_1.jpg 1500w\" sizes=\"auto, (max-width: 1200px) 100vw, 1200px\" \/><br \/>\nMG ouvre les commandes du Cyberster, son roadster \u00e9lectrique. Lanc\u00e9 avec sa variante la plus puissante, il co\u00fbte cher !\u2026\u00a0<a href=\"https:\/\/www.automobile-propre.com\/articles\/mg-cyberster-voici-le-prix-du-roadster-electrique-et-il-nest-pas-donne\/\" target='bwindow' rel=\"noopener\">Lire la suite&#8230;<\/a><\/p>\n","protected":false},"excerpt":{"rendered":"<p>&#8230; <a class=\"continue-reading-link\" href=\"https:\/\/www.evearly.news\/fr\/mg-cyberster-voici-le-prix-du-roadster-electrique-et-il-nest-pas-donne\/\"><\/a><\/p>\n","protected":false},"author":8,"featured_media":289324,"comment_status":"closed","ping_status":"open","sticky":false,"template":"Default","format":"standard","meta":{"footnotes":""},"categories":[8],"tags":[],"class_list":["post-289323","post","type-post","status-publish","format-standard","has-post-thumbnail","hentry","category-automobile-propre"],"_links":{"self":[{"href":"https:\/\/www.evearly.news\/fr\/wp-json\/wp\/v2\/posts\/289323","targetHints":{"allow":["GET"]}}],"collection":[{"href":"https:\/\/www.evearly.news\/fr\/wp-json\/wp\/v2\/posts"}],"about":[{"href":"https:\/\/www.evearly.news\/fr\/wp-json\/wp\/v2\/types\/post"}],"author":[{"embeddable":true,"href":"https:\/\/www.evearly.news\/fr\/wp-json\/wp\/v2\/users\/8"}],"replies":[{"embeddable":true,"href":"https:\/\/www.evearly.news\/fr\/wp-json\/wp\/v2\/comments?post=289323"}],"version-history":[{"count":0,"href":"https:\/\/www.evearly.news\/fr\/wp-json\/wp\/v2\/posts\/289323\/revisions"}],"wp:featuredmedia":[{"embeddable":true,"href":"https:\/\/www.evearly.news\/fr\/wp-json\/wp\/v2\/media\/289324"}],"wp:attachment":[{"href":"https:\/\/www.evearly.news\/fr\/wp-json\/wp\/v2\/media?parent=289323"}],"wp:term":[{"taxonomy":"category","embeddable":true,"href":"https:\/\/www.evearly.news\/fr\/wp-json\/wp\/v2\/categories?post=289323"},{"taxonomy":"post_tag","embeddable":true,"href":"https:\/\/www.evearly.news\/fr\/wp-json\/wp\/v2\/tags?post=289323"}],"curies":[{"name":"wp","href":"https:\/\/api.w.org\/{rel}","templated":true}]}}