{"id":289371,"date":"2024-10-14T18:21:54","date_gmt":"2024-10-14T16:21:54","guid":{"rendered":"https:\/\/www.evearly.news\/fr\/skoda-offre-son-premier-bain-de-foule-a-son-second-suv-electrique\/"},"modified":"2024-10-14T18:21:54","modified_gmt":"2024-10-14T16:21:54","slug":"skoda-offre-son-premier-bain-de-foule-a-son-second-suv-electrique","status":"publish","type":"post","link":"https:\/\/www.evearly.news\/fr\/skoda-offre-son-premier-bain-de-foule-a-son-second-suv-electrique\/","title":{"rendered":"Skoda offre son premier bain de foule \u00e0 son second SUV \u00e9lectrique"},"content":{"rendered":"<p><img decoding=\"async\" src=\"https:\/\/www.evearly.news\/fr\/wp-content\/uploads\/sites\/6\/2024\/10\/skoda-offre-son-premier-bain-de-foule-a-son-second-suv-electrique.webp\" alt=\"auto-moto\"><br \/>R\u00e9v\u00e9l\u00e9 il y a quelques semaines, le nouveau Skoda Elroq va faire parler de lui. Ce second mod\u00e8le \u00e9lectrique pour la marque tch\u00e8que se montre plus accessible, avec un premier tarif fix\u00e9 \u00e0 33 300 \u20ac. Il fait ses premiers pas au Mondial de l\u2019Automobile de Paris. <a href=\"https:\/\/www.auto-moto.com\/mondial-de-l-auto\/skoda-offre-son-premier-bain-de-foule-a-son-second-suv-electrique-47312\" target=\"blank\" rel=\"noopener\">Lire la suite&#8230;<\/a><\/p>\n","protected":false},"excerpt":{"rendered":"<p>R\u00e9v\u00e9l\u00e9 il y a quelques semaines, le nouveau Skoda Elroq va faire parler de lui. Ce second mod\u00e8le \u00e9lectrique pour la marque tch\u00e8que se montre plus accessible, avec un premier tarif fix\u00e9 \u00e0 33 300 \u20ac. Il fait ses premiers pas au Mondial de l\u2019Automobile de Paris&#8230;. <a class=\"continue-reading-link\" href=\"https:\/\/www.evearly.news\/fr\/skoda-offre-son-premier-bain-de-foule-a-son-second-suv-electrique\/\"><\/a><\/p>\n","protected":false},"author":9,"featured_media":289372,"comment_status":"closed","ping_status":"open","sticky":false,"template":"Default","format":"standard","meta":{"footnotes":""},"categories":[10],"tags":[],"class_list":["post-289371","post","type-post","status-publish","format-standard","has-post-thumbnail","hentry","category-auto-moto-com"],"_links":{"self":[{"href":"https:\/\/www.evearly.news\/fr\/wp-json\/wp\/v2\/posts\/289371","targetHints":{"allow":["GET"]}}],"collection":[{"href":"https:\/\/www.evearly.news\/fr\/wp-json\/wp\/v2\/posts"}],"about":[{"href":"https:\/\/www.evearly.news\/fr\/wp-json\/wp\/v2\/types\/post"}],"author":[{"embeddable":true,"href":"https:\/\/www.evearly.news\/fr\/wp-json\/wp\/v2\/users\/9"}],"replies":[{"embeddable":true,"href":"https:\/\/www.evearly.news\/fr\/wp-json\/wp\/v2\/comments?post=289371"}],"version-history":[{"count":0,"href":"https:\/\/www.evearly.news\/fr\/wp-json\/wp\/v2\/posts\/289371\/revisions"}],"wp:featuredmedia":[{"embeddable":true,"href":"https:\/\/www.evearly.news\/fr\/wp-json\/wp\/v2\/media\/289372"}],"wp:attachment":[{"href":"https:\/\/www.evearly.news\/fr\/wp-json\/wp\/v2\/media?parent=289371"}],"wp:term":[{"taxonomy":"category","embeddable":true,"href":"https:\/\/www.evearly.news\/fr\/wp-json\/wp\/v2\/categories?post=289371"},{"taxonomy":"post_tag","embeddable":true,"href":"https:\/\/www.evearly.news\/fr\/wp-json\/wp\/v2\/tags?post=289371"}],"curies":[{"name":"wp","href":"https:\/\/api.w.org\/{rel}","templated":true}]}}