{"id":289373,"date":"2024-10-14T18:25:33","date_gmt":"2024-10-14T16:25:33","guid":{"rendered":"https:\/\/www.evearly.news\/fr\/audi-q6-sportback-e-tron-un-suv-sportif-avec-une-autonomie-xxl\/"},"modified":"2024-10-14T18:25:33","modified_gmt":"2024-10-14T16:25:33","slug":"audi-q6-sportback-e-tron-un-suv-sportif-avec-une-autonomie-xxl","status":"publish","type":"post","link":"https:\/\/www.evearly.news\/fr\/audi-q6-sportback-e-tron-un-suv-sportif-avec-une-autonomie-xxl\/","title":{"rendered":"Audi Q6 Sportback e-tron\u00a0: un SUV sportif\u2026 avec une autonomie XXL\u00a0!"},"content":{"rendered":"<p><img width=\"1500\" height=\"1000\" src=\"https:\/\/www.evearly.news\/fr\/wp-content\/uploads\/sites\/6\/2024\/10\/audi-q6-sportback-e-tron-un-suv-sportif-avec-une-autonomie-xxl.jpg\" class=\"attachment-full size-full wp-post-image\" alt=\"Audi Sq6 Etron (1)\" decoding=\"async\" loading=\"lazy\" srcset=\"https:\/\/www.evearly.news\/fr\/wp-content\/uploads\/sites\/6\/2024\/10\/audi-q6-sportback-e-tron-un-suv-sportif-avec-une-autonomie-xxl.jpg 1500w, https:\/\/www.evearly.news\/fr\/wp-content\/uploads\/sites\/6\/2024\/10\/audi-q6-sportback-e-tron-un-suv-sportif-avec-une-autonomie-xxl-1.jpg 504w, https:\/\/www.evearly.news\/fr\/wp-content\/uploads\/sites\/6\/2024\/10\/audi-q6-sportback-e-tron-un-suv-sportif-avec-une-autonomie-xxl-2.jpg 1024w, https:\/\/www.evearly.news\/fr\/wp-content\/uploads\/sites\/6\/2024\/10\/audi-q6-sportback-e-tron-un-suv-sportif-avec-une-autonomie-xxl-3.jpg 50w, https:\/\/www.evearly.news\/fr\/wp-content\/uploads\/sites\/6\/2024\/10\/audi-q6-sportback-e-tron-un-suv-sportif-avec-une-autonomie-xxl-4.jpg 336w, https:\/\/www.evearly.news\/fr\/wp-content\/uploads\/sites\/6\/2024\/10\/audi-q6-sportback-e-tron-un-suv-sportif-avec-une-autonomie-xxl-5.jpg 1400w, https:\/\/www.evearly.news\/fr\/wp-content\/uploads\/sites\/6\/2024\/10\/audi-q6-sportback-e-tron-un-suv-sportif-avec-une-autonomie-xxl-6.jpg 680w, https:\/\/www.presse-citron.net\/app\/uploads\/2024\/10\/audi-sq6-etron-1-896x597.jpg 896w\" sizes=\"auto, (max-width: 1500px) 100vw, 1500px\"><\/p>\n<p>Au Mondial de Paris 2024, Audi exhibe la variante Sportback de son SUV \u00e9lectrique Q6 e-tron. Un mod\u00e8le plus sportif&#8230; et dot\u00e9 de la plus grande autonomie de la famille !<a href=\"https:\/\/www.presse-citron.net\/audi-q6-sportback-e-tron-un-suv-sportif-avec-une-autonomie-xxl\/\" target=\"blank\" rel=\"noopener\"> Lire la suite&#8230;<\/a><\/p>\n","protected":false},"excerpt":{"rendered":"<p>Au Mondial de Paris 2024, Audi exhibe la variante Sportback de son SUV \u00e9lectrique Q6 e-tron. Un mod\u00e8le plus sportif&#8230; et dot\u00e9 de la plus grande autonomie de la famille !&#8230; <a class=\"continue-reading-link\" href=\"https:\/\/www.evearly.news\/fr\/audi-q6-sportback-e-tron-un-suv-sportif-avec-une-autonomie-xxl\/\"><\/a><\/p>\n","protected":false},"author":18,"featured_media":289374,"comment_status":"closed","ping_status":"open","sticky":false,"template":"Default","format":"standard","meta":{"footnotes":""},"categories":[19],"tags":[],"class_list":["post-289373","post","type-post","status-publish","format-standard","has-post-thumbnail","hentry","category-presse-citron"],"_links":{"self":[{"href":"https:\/\/www.evearly.news\/fr\/wp-json\/wp\/v2\/posts\/289373","targetHints":{"allow":["GET"]}}],"collection":[{"href":"https:\/\/www.evearly.news\/fr\/wp-json\/wp\/v2\/posts"}],"about":[{"href":"https:\/\/www.evearly.news\/fr\/wp-json\/wp\/v2\/types\/post"}],"author":[{"embeddable":true,"href":"https:\/\/www.evearly.news\/fr\/wp-json\/wp\/v2\/users\/18"}],"replies":[{"embeddable":true,"href":"https:\/\/www.evearly.news\/fr\/wp-json\/wp\/v2\/comments?post=289373"}],"version-history":[{"count":0,"href":"https:\/\/www.evearly.news\/fr\/wp-json\/wp\/v2\/posts\/289373\/revisions"}],"wp:featuredmedia":[{"embeddable":true,"href":"https:\/\/www.evearly.news\/fr\/wp-json\/wp\/v2\/media\/289374"}],"wp:attachment":[{"href":"https:\/\/www.evearly.news\/fr\/wp-json\/wp\/v2\/media?parent=289373"}],"wp:term":[{"taxonomy":"category","embeddable":true,"href":"https:\/\/www.evearly.news\/fr\/wp-json\/wp\/v2\/categories?post=289373"},{"taxonomy":"post_tag","embeddable":true,"href":"https:\/\/www.evearly.news\/fr\/wp-json\/wp\/v2\/tags?post=289373"}],"curies":[{"name":"wp","href":"https:\/\/api.w.org\/{rel}","templated":true}]}}