{"id":289379,"date":"2024-10-14T20:58:22","date_gmt":"2024-10-14T18:58:22","guid":{"rendered":"https:\/\/www.evearly.news\/fr\/on-est-montes-a-bord-du-byd-sealion-7-loffensive-chinoise-face-au-tesla-model-y\/"},"modified":"2024-10-14T20:58:22","modified_gmt":"2024-10-14T18:58:22","slug":"on-est-montes-a-bord-du-byd-sealion-7-loffensive-chinoise-face-au-tesla-model-y","status":"publish","type":"post","link":"https:\/\/www.evearly.news\/fr\/on-est-montes-a-bord-du-byd-sealion-7-loffensive-chinoise-face-au-tesla-model-y\/","title":{"rendered":"On est mont\u00e9s \u00e0 bord du BYD Sealion 7 : l\u2019offensive chinoise face au Tesla Model Y"},"content":{"rendered":"<p><img width=\"1200\" height=\"800\" src=\"https:\/\/www.evearly.news\/fr\/wp-content\/uploads\/sites\/6\/2024\/10\/on-est-montes-a-bord-du-byd-sealion-7-loffensive-chinoise-face-au-tesla-model-y.jpg\" class=\"attachment-large size-large wp-post-image\" alt=\"\" decoding=\"async\" loading=\"lazy\" \/<br \/>\nBYD ne fait pas dans la demi-mesure avec son Sealion 7. Ce SUV \u00e9lectrique, septi\u00e8me mod\u00e8le de la marque en Europe, affiche des ambitions d\u00e9mesur\u00e9es. Design, technologie, performances\u2026 et nous avons pu le voir au Mondial de l&rsquo;Automobile \u00e0 Paris.<br \/>\n <a href=\"https:\/\/www.frandroid.com\/marques\/byd\/2369620_on-est-montes-a-bord-du-byd-sealion-7-loffensive-chinoise-face-au-tesla-model-y\" target='bwindow' rel=\"noopener\">Lire la suite&#8230;<\/a><\/p>\n","protected":false},"excerpt":{"rendered":"<p>&lt;img width=&quot;1200&quot; height=&quot;800&quot; src=&quot;https:\/\/www.evearly.news\/fr\/wp-content\/uploads\/sites\/6\/2024\/10\/on-est-montes-a-bord-du-byd-sealion-7-loffensive-chinoise-face-au-tesla-model-y.jpg&quot; class=&quot;attachment-large size-large wp-post-image&quot; alt=&quot;&quot; decoding=&quot;async&quot; loading=&quot;lazy&quot; \/<br \/>\nBYD ne fait pas dans la demi-mesure avec son Sealion 7. Ce SUV \u00e9lectrique, septi\u00e8me mod\u00e8le de la marque en Europe, affiche des ambitions d\u00e9mesur\u00e9es. Design, technologie, performances\u2026 et nous avons pu le voir au Mondial de l&rsquo;Automobile \u00e0 Paris.\n<\/p>\n<p> <a class=\"continue-reading-link\" href=\"https:\/\/www.evearly.news\/fr\/on-est-montes-a-bord-du-byd-sealion-7-loffensive-chinoise-face-au-tesla-model-y\/\"><\/a><\/p>\n","protected":false},"author":6,"featured_media":289380,"comment_status":"closed","ping_status":"open","sticky":false,"template":"Default","format":"standard","meta":{"footnotes":""},"categories":[14],"tags":[],"class_list":["post-289379","post","type-post","status-publish","format-standard","has-post-thumbnail","hentry","category-frandroid"],"_links":{"self":[{"href":"https:\/\/www.evearly.news\/fr\/wp-json\/wp\/v2\/posts\/289379","targetHints":{"allow":["GET"]}}],"collection":[{"href":"https:\/\/www.evearly.news\/fr\/wp-json\/wp\/v2\/posts"}],"about":[{"href":"https:\/\/www.evearly.news\/fr\/wp-json\/wp\/v2\/types\/post"}],"author":[{"embeddable":true,"href":"https:\/\/www.evearly.news\/fr\/wp-json\/wp\/v2\/users\/6"}],"replies":[{"embeddable":true,"href":"https:\/\/www.evearly.news\/fr\/wp-json\/wp\/v2\/comments?post=289379"}],"version-history":[{"count":0,"href":"https:\/\/www.evearly.news\/fr\/wp-json\/wp\/v2\/posts\/289379\/revisions"}],"wp:featuredmedia":[{"embeddable":true,"href":"https:\/\/www.evearly.news\/fr\/wp-json\/wp\/v2\/media\/289380"}],"wp:attachment":[{"href":"https:\/\/www.evearly.news\/fr\/wp-json\/wp\/v2\/media?parent=289379"}],"wp:term":[{"taxonomy":"category","embeddable":true,"href":"https:\/\/www.evearly.news\/fr\/wp-json\/wp\/v2\/categories?post=289379"},{"taxonomy":"post_tag","embeddable":true,"href":"https:\/\/www.evearly.news\/fr\/wp-json\/wp\/v2\/tags?post=289379"}],"curies":[{"name":"wp","href":"https:\/\/api.w.org\/{rel}","templated":true}]}}