{"id":289397,"date":"2024-10-15T10:00:18","date_gmt":"2024-10-15T08:00:18","guid":{"rendered":"https:\/\/www.evearly.news\/fr\/mondial-de-lauto-le-ford-explorer-na-damericain-que-le-nom\/"},"modified":"2024-10-15T10:00:18","modified_gmt":"2024-10-15T08:00:18","slug":"mondial-de-lauto-le-ford-explorer-na-damericain-que-le-nom","status":"publish","type":"post","link":"https:\/\/www.evearly.news\/fr\/mondial-de-lauto-le-ford-explorer-na-damericain-que-le-nom\/","title":{"rendered":"Mondial de l\u2019Auto\u00a0: le Ford Explorer n\u2019a d\u2019am\u00e9ricain que le nom"},"content":{"rendered":"<p><img width=\"1500\" height=\"1000\" src=\"https:\/\/www.evearly.news\/fr\/wp-content\/uploads\/sites\/6\/2024\/10\/mondial-de-lauto-le-ford-explorer-na-damericain-que-le-nom.jpg\" class=\"attachment-full size-full wp-post-image\" alt=\"Ford Explorer Electrique\" decoding=\"async\" loading=\"lazy\" srcset=\"https:\/\/www.evearly.news\/fr\/wp-content\/uploads\/sites\/6\/2024\/10\/mondial-de-lauto-le-ford-explorer-na-damericain-que-le-nom.jpg 1500w, https:\/\/www.evearly.news\/fr\/wp-content\/uploads\/sites\/6\/2024\/10\/mondial-de-lauto-le-ford-explorer-na-damericain-que-le-nom-1.jpg 504w, https:\/\/www.evearly.news\/fr\/wp-content\/uploads\/sites\/6\/2024\/10\/mondial-de-lauto-le-ford-explorer-na-damericain-que-le-nom-2.jpg 1024w, https:\/\/www.evearly.news\/fr\/wp-content\/uploads\/sites\/6\/2024\/10\/mondial-de-lauto-le-ford-explorer-na-damericain-que-le-nom-3.jpg 50w, https:\/\/www.evearly.news\/fr\/wp-content\/uploads\/sites\/6\/2024\/10\/mondial-de-lauto-le-ford-explorer-na-damericain-que-le-nom-4.jpg 336w, https:\/\/www.evearly.news\/fr\/wp-content\/uploads\/sites\/6\/2024\/10\/mondial-de-lauto-le-ford-explorer-na-damericain-que-le-nom-5.jpg 1400w, https:\/\/www.evearly.news\/fr\/wp-content\/uploads\/sites\/6\/2024\/10\/mondial-de-lauto-le-ford-explorer-na-damericain-que-le-nom-6.jpg 680w, https:\/\/www.presse-citron.net\/app\/uploads\/2024\/10\/Ford-explorer-electrique-896x597.jpg 896w\" sizes=\"auto, (max-width: 1500px) 100vw, 1500px\"><\/p>\n<p>Ford a profit\u00e9 du Mondial de l&rsquo;Auto qui se tient en ce moment \u00e0 Paris pour pr\u00e9senter son deuxi\u00e8me v\u00e9hicule \u00e9lectrique, le Ford Explorer.<a href=\"https:\/\/www.presse-citron.net\/mondial-de-lauto-le-ford-explorer-na-damericain-que-le-nom\/\" target=\"blank\" rel=\"noopener\"> Lire la suite&#8230;<\/a><\/p>\n","protected":false},"excerpt":{"rendered":"<p>Ford a profit\u00e9 du Mondial de l&rsquo;Auto qui se tient en ce moment \u00e0 Paris pour pr\u00e9senter son deuxi\u00e8me v\u00e9hicule \u00e9lectrique, le Ford Explorer&#8230;. <a class=\"continue-reading-link\" href=\"https:\/\/www.evearly.news\/fr\/mondial-de-lauto-le-ford-explorer-na-damericain-que-le-nom\/\"><\/a><\/p>\n","protected":false},"author":18,"featured_media":289398,"comment_status":"closed","ping_status":"open","sticky":false,"template":"Default","format":"standard","meta":{"footnotes":""},"categories":[19],"tags":[],"class_list":["post-289397","post","type-post","status-publish","format-standard","has-post-thumbnail","hentry","category-presse-citron"],"_links":{"self":[{"href":"https:\/\/www.evearly.news\/fr\/wp-json\/wp\/v2\/posts\/289397","targetHints":{"allow":["GET"]}}],"collection":[{"href":"https:\/\/www.evearly.news\/fr\/wp-json\/wp\/v2\/posts"}],"about":[{"href":"https:\/\/www.evearly.news\/fr\/wp-json\/wp\/v2\/types\/post"}],"author":[{"embeddable":true,"href":"https:\/\/www.evearly.news\/fr\/wp-json\/wp\/v2\/users\/18"}],"replies":[{"embeddable":true,"href":"https:\/\/www.evearly.news\/fr\/wp-json\/wp\/v2\/comments?post=289397"}],"version-history":[{"count":0,"href":"https:\/\/www.evearly.news\/fr\/wp-json\/wp\/v2\/posts\/289397\/revisions"}],"wp:featuredmedia":[{"embeddable":true,"href":"https:\/\/www.evearly.news\/fr\/wp-json\/wp\/v2\/media\/289398"}],"wp:attachment":[{"href":"https:\/\/www.evearly.news\/fr\/wp-json\/wp\/v2\/media?parent=289397"}],"wp:term":[{"taxonomy":"category","embeddable":true,"href":"https:\/\/www.evearly.news\/fr\/wp-json\/wp\/v2\/categories?post=289397"},{"taxonomy":"post_tag","embeddable":true,"href":"https:\/\/www.evearly.news\/fr\/wp-json\/wp\/v2\/tags?post=289397"}],"curies":[{"name":"wp","href":"https:\/\/api.w.org\/{rel}","templated":true}]}}