{"id":289401,"date":"2024-10-15T10:02:53","date_gmt":"2024-10-15T08:02:53","guid":{"rendered":"https:\/\/www.evearly.news\/fr\/la-nouvelle-tesla-model-y-ultra-pratique-avec-7-places-arrive-en-france-voici-son-prix\/"},"modified":"2024-10-15T10:02:53","modified_gmt":"2024-10-15T08:02:53","slug":"la-nouvelle-tesla-model-y-ultra-pratique-avec-7-places-arrive-en-france-voici-son-prix","status":"publish","type":"post","link":"https:\/\/www.evearly.news\/fr\/la-nouvelle-tesla-model-y-ultra-pratique-avec-7-places-arrive-en-france-voici-son-prix\/","title":{"rendered":"La nouvelle Tesla Model Y ultra-pratique avec 7 places arrive en France : voici son prix"},"content":{"rendered":"<p><img width=\"1200\" height=\"800\" src=\"https:\/\/www.evearly.news\/fr\/wp-content\/uploads\/sites\/6\/2024\/10\/la-nouvelle-tesla-model-y-ultra-pratique-avec-7-places-arrive-en-france-voici-son-prix.jpg\" class=\"attachment-large size-large wp-post-image\" alt=\"\" decoding=\"async\" loading=\"lazy\" \/<br \/>\n\u00c7a y est, Tesla vient de lancer la commercialisation de la Model Y en Europe dot\u00e9e de 7 places. Une version que beaucoup attendaient. On conna\u00eet enfin le prix et les caract\u00e9ristiques techniques.<br \/>\n <a href=\"https:\/\/www.frandroid.com\/marques\/tesla\/2369844_la-nouvelle-tesla-model-y-ultra-pratique-avec-7-places-arrive-en-france-voici-son-prix\" target='bwindow' rel=\"noopener\">Lire la suite&#8230;<\/a><\/p>\n","protected":false},"excerpt":{"rendered":"<p>&lt;img width=&quot;1200&quot; height=&quot;800&quot; src=&quot;https:\/\/www.evearly.news\/fr\/wp-content\/uploads\/sites\/6\/2024\/10\/la-nouvelle-tesla-model-y-ultra-pratique-avec-7-places-arrive-en-france-voici-son-prix.jpg&quot; class=&quot;attachment-large size-large wp-post-image&quot; alt=&quot;&quot; decoding=&quot;async&quot; loading=&quot;lazy&quot; \/<br \/>\n\u00c7a y est, Tesla vient de lancer la commercialisation de la Model Y en Europe dot\u00e9e de 7 places. Une version que beaucoup attendaient. On conna\u00eet enfin le prix et les caract\u00e9ristiques techniques.\n<\/p>\n<p> <a class=\"continue-reading-link\" href=\"https:\/\/www.evearly.news\/fr\/la-nouvelle-tesla-model-y-ultra-pratique-avec-7-places-arrive-en-france-voici-son-prix\/\"><\/a><\/p>\n","protected":false},"author":6,"featured_media":289402,"comment_status":"closed","ping_status":"open","sticky":false,"template":"Default","format":"standard","meta":{"footnotes":""},"categories":[14],"tags":[],"class_list":["post-289401","post","type-post","status-publish","format-standard","has-post-thumbnail","hentry","category-frandroid"],"_links":{"self":[{"href":"https:\/\/www.evearly.news\/fr\/wp-json\/wp\/v2\/posts\/289401","targetHints":{"allow":["GET"]}}],"collection":[{"href":"https:\/\/www.evearly.news\/fr\/wp-json\/wp\/v2\/posts"}],"about":[{"href":"https:\/\/www.evearly.news\/fr\/wp-json\/wp\/v2\/types\/post"}],"author":[{"embeddable":true,"href":"https:\/\/www.evearly.news\/fr\/wp-json\/wp\/v2\/users\/6"}],"replies":[{"embeddable":true,"href":"https:\/\/www.evearly.news\/fr\/wp-json\/wp\/v2\/comments?post=289401"}],"version-history":[{"count":0,"href":"https:\/\/www.evearly.news\/fr\/wp-json\/wp\/v2\/posts\/289401\/revisions"}],"wp:featuredmedia":[{"embeddable":true,"href":"https:\/\/www.evearly.news\/fr\/wp-json\/wp\/v2\/media\/289402"}],"wp:attachment":[{"href":"https:\/\/www.evearly.news\/fr\/wp-json\/wp\/v2\/media?parent=289401"}],"wp:term":[{"taxonomy":"category","embeddable":true,"href":"https:\/\/www.evearly.news\/fr\/wp-json\/wp\/v2\/categories?post=289401"},{"taxonomy":"post_tag","embeddable":true,"href":"https:\/\/www.evearly.news\/fr\/wp-json\/wp\/v2\/tags?post=289401"}],"curies":[{"name":"wp","href":"https:\/\/api.w.org\/{rel}","templated":true}]}}