{"id":289403,"date":"2024-10-15T10:50:09","date_gmt":"2024-10-15T08:50:09","guid":{"rendered":"https:\/\/www.evearly.news\/fr\/tesla-profite-du-mondial-de-paris-pour-lancer-loption-7-places-du-model-y-en-france\/"},"modified":"2024-10-15T10:50:09","modified_gmt":"2024-10-15T08:50:09","slug":"tesla-profite-du-mondial-de-paris-pour-lancer-loption-7-places-du-model-y-en-france","status":"publish","type":"post","link":"https:\/\/www.evearly.news\/fr\/tesla-profite-du-mondial-de-paris-pour-lancer-loption-7-places-du-model-y-en-france\/","title":{"rendered":"Tesla profite du Mondial de Paris pour lancer l\u2019option 7 places du Model Y en France"},"content":{"rendered":"<p><img decoding=\"async\" src=\"https:\/\/www.evearly.news\/fr\/wp-content\/uploads\/sites\/6\/2024\/10\/tesla-profite-du-mondial-de-paris-pour-lancer-loption-7-places-du-model-y-en-france.webp\" alt=\"auto-moto\"><br \/>La rumeur enflait depuis quelques semaines d\u00e9j\u00e0, et Tesla le confirme \u00e0 l\u2019occasion du Mondial de l\u2019Automobile : l\u2019option 7 places du Model Y arrive en France. D\u00e9j\u00e0 propos\u00e9e aux \u00c9tats-Unis depuis plusieurs ann\u00e9es, elle concerne uniquement la variante Grande Autonomie \u00e0 transmission int\u00e9grale. <a href=\"https:\/\/www.auto-moto.com\/mondial-de-l-auto\/tesla-profite-du-mondial-de-paris-pour-lancer-l-option-7-places-du-model-y-en-france-47462\" target=\"blank\" rel=\"noopener\">Lire la suite&#8230;<\/a><\/p>\n","protected":false},"excerpt":{"rendered":"<p>La rumeur enflait depuis quelques semaines d\u00e9j\u00e0, et Tesla le confirme \u00e0 l\u2019occasion du Mondial de l\u2019Automobile : l\u2019option 7 places du Model Y arrive en France. D\u00e9j\u00e0 propos\u00e9e aux \u00c9tats-Unis depuis plusieurs ann\u00e9es, elle concerne uniquement la variante Grande Autonomie \u00e0 transmission int\u00e9grale&#8230;. <a class=\"continue-reading-link\" href=\"https:\/\/www.evearly.news\/fr\/tesla-profite-du-mondial-de-paris-pour-lancer-loption-7-places-du-model-y-en-france\/\"><\/a><\/p>\n","protected":false},"author":9,"featured_media":289404,"comment_status":"closed","ping_status":"open","sticky":false,"template":"Default","format":"standard","meta":{"footnotes":""},"categories":[10],"tags":[],"class_list":["post-289403","post","type-post","status-publish","format-standard","has-post-thumbnail","hentry","category-auto-moto-com"],"_links":{"self":[{"href":"https:\/\/www.evearly.news\/fr\/wp-json\/wp\/v2\/posts\/289403","targetHints":{"allow":["GET"]}}],"collection":[{"href":"https:\/\/www.evearly.news\/fr\/wp-json\/wp\/v2\/posts"}],"about":[{"href":"https:\/\/www.evearly.news\/fr\/wp-json\/wp\/v2\/types\/post"}],"author":[{"embeddable":true,"href":"https:\/\/www.evearly.news\/fr\/wp-json\/wp\/v2\/users\/9"}],"replies":[{"embeddable":true,"href":"https:\/\/www.evearly.news\/fr\/wp-json\/wp\/v2\/comments?post=289403"}],"version-history":[{"count":0,"href":"https:\/\/www.evearly.news\/fr\/wp-json\/wp\/v2\/posts\/289403\/revisions"}],"wp:featuredmedia":[{"embeddable":true,"href":"https:\/\/www.evearly.news\/fr\/wp-json\/wp\/v2\/media\/289404"}],"wp:attachment":[{"href":"https:\/\/www.evearly.news\/fr\/wp-json\/wp\/v2\/media?parent=289403"}],"wp:term":[{"taxonomy":"category","embeddable":true,"href":"https:\/\/www.evearly.news\/fr\/wp-json\/wp\/v2\/categories?post=289403"},{"taxonomy":"post_tag","embeddable":true,"href":"https:\/\/www.evearly.news\/fr\/wp-json\/wp\/v2\/tags?post=289403"}],"curies":[{"name":"wp","href":"https:\/\/api.w.org\/{rel}","templated":true}]}}