{"id":289799,"date":"2024-10-21T10:31:04","date_gmt":"2024-10-21T08:31:04","guid":{"rendered":"https:\/\/www.evearly.news\/fr\/voici-comment-le-numero-2-mondial-de-la-voiture-electrique-veut-dominer-le-marche-europeen\/"},"modified":"2024-10-21T10:31:04","modified_gmt":"2024-10-21T08:31:04","slug":"voici-comment-le-numero-2-mondial-de-la-voiture-electrique-veut-dominer-le-marche-europeen","status":"publish","type":"post","link":"https:\/\/www.evearly.news\/fr\/voici-comment-le-numero-2-mondial-de-la-voiture-electrique-veut-dominer-le-marche-europeen\/","title":{"rendered":"Voici comment le num\u00e9ro 2 mondial de la voiture \u00e9lectrique veut dominer le march\u00e9 europ\u00e9en"},"content":{"rendered":"<p><img width=\"1200\" height=\"800\" src=\"https:\/\/www.evearly.news\/fr\/wp-content\/uploads\/sites\/6\/2024\/10\/voici-comment-le-numero-2-mondial-de-la-voiture-electrique-veut-dominer-le-marche-europeen.jpg\" class=\"attachment-large size-large wp-post-image\" alt=\"\" decoding=\"async\" loading=\"lazy\" \/<br \/>\nD\u00e9sormais bien implant\u00e9 en Europe, le constructeur chinois BYD d\u00e9voile sa strat\u00e9gie pour s\u2019y faire une place encore plus grande durant prochaines ann\u00e9es. La firme compte bien envahir massivement ce march\u00e9 avec ses voitures \u00e9lectriques et hybrides.<br \/>\n <a href=\"https:\/\/www.frandroid.com\/marques\/byd\/2376394_voici-comment-le-numero-2-mondial-de-la-voiture-electrique-veut-dominer-le-marche-europeen\" target='bwindow' rel=\"noopener\">Lire la suite&#8230;<\/a><\/p>\n","protected":false},"excerpt":{"rendered":"<p>&lt;img width=&quot;1200&quot; height=&quot;800&quot; src=&quot;https:\/\/www.evearly.news\/fr\/wp-content\/uploads\/sites\/6\/2024\/10\/voici-comment-le-numero-2-mondial-de-la-voiture-electrique-veut-dominer-le-marche-europeen.jpg&quot; class=&quot;attachment-large size-large wp-post-image&quot; alt=&quot;&quot; decoding=&quot;async&quot; loading=&quot;lazy&quot; \/<br \/>\nD\u00e9sormais bien implant\u00e9 en Europe, le constructeur chinois BYD d\u00e9voile sa strat\u00e9gie pour s\u2019y faire une place encore plus grande durant prochaines ann\u00e9es. La firme compte bien envahir massivement ce march\u00e9 avec ses voitures \u00e9lectriques et hybrides.\n<\/p>\n<p> <a class=\"continue-reading-link\" href=\"https:\/\/www.evearly.news\/fr\/voici-comment-le-numero-2-mondial-de-la-voiture-electrique-veut-dominer-le-marche-europeen\/\"><\/a><\/p>\n","protected":false},"author":6,"featured_media":289800,"comment_status":"closed","ping_status":"open","sticky":false,"template":"Default","format":"standard","meta":{"footnotes":""},"categories":[14],"tags":[],"class_list":["post-289799","post","type-post","status-publish","format-standard","has-post-thumbnail","hentry","category-frandroid"],"_links":{"self":[{"href":"https:\/\/www.evearly.news\/fr\/wp-json\/wp\/v2\/posts\/289799","targetHints":{"allow":["GET"]}}],"collection":[{"href":"https:\/\/www.evearly.news\/fr\/wp-json\/wp\/v2\/posts"}],"about":[{"href":"https:\/\/www.evearly.news\/fr\/wp-json\/wp\/v2\/types\/post"}],"author":[{"embeddable":true,"href":"https:\/\/www.evearly.news\/fr\/wp-json\/wp\/v2\/users\/6"}],"replies":[{"embeddable":true,"href":"https:\/\/www.evearly.news\/fr\/wp-json\/wp\/v2\/comments?post=289799"}],"version-history":[{"count":0,"href":"https:\/\/www.evearly.news\/fr\/wp-json\/wp\/v2\/posts\/289799\/revisions"}],"wp:featuredmedia":[{"embeddable":true,"href":"https:\/\/www.evearly.news\/fr\/wp-json\/wp\/v2\/media\/289800"}],"wp:attachment":[{"href":"https:\/\/www.evearly.news\/fr\/wp-json\/wp\/v2\/media?parent=289799"}],"wp:term":[{"taxonomy":"category","embeddable":true,"href":"https:\/\/www.evearly.news\/fr\/wp-json\/wp\/v2\/categories?post=289799"},{"taxonomy":"post_tag","embeddable":true,"href":"https:\/\/www.evearly.news\/fr\/wp-json\/wp\/v2\/tags?post=289799"}],"curies":[{"name":"wp","href":"https:\/\/api.w.org\/{rel}","templated":true}]}}