{"id":289811,"date":"2024-10-21T11:33:00","date_gmt":"2024-10-21T09:33:00","guid":{"rendered":"https:\/\/www.evearly.news\/fr\/les-voitures-electriques-coutent-plus-cher-malgre-la-baisse-du-prix-des-batteries-voici-les-raisons\/"},"modified":"2024-10-21T11:33:00","modified_gmt":"2024-10-21T09:33:00","slug":"les-voitures-electriques-coutent-plus-cher-malgre-la-baisse-du-prix-des-batteries-voici-les-raisons","status":"publish","type":"post","link":"https:\/\/www.evearly.news\/fr\/les-voitures-electriques-coutent-plus-cher-malgre-la-baisse-du-prix-des-batteries-voici-les-raisons\/","title":{"rendered":"Les voitures \u00e9lectriques co\u00fbtent plus cher malgr\u00e9 la baisse du prix des batteries\u00a0: voici les raisons"},"content":{"rendered":"<p><img width=\"1200\" height=\"800\" src=\"https:\/\/www.evearly.news\/fr\/wp-content\/uploads\/sites\/6\/2024\/10\/les-voitures-electriques-coutent-plus-cher-malgre-la-baisse-du-prix-des-batteries-voici-les-raisons.jpg\" class=\"attachment-large size-large wp-post-image\" alt=\"\" decoding=\"async\" loading=\"lazy\" \/<br \/>\nAlors que le co\u00fbt des batteries est en baisse gr\u00e2ce \u00e0 la chute du lithium, le prix des voitures \u00e9lectriques continue de grimper. Mais quelle est la raison de ce ph\u00e9nom\u00e8ne\u2009? En fait, elle est \u00e0 chercher du c\u00f4t\u00e9 des constructeurs.<br \/>\n <a href=\"https:\/\/www.frandroid.com\/survoltes\/voitures-electriques\/2376434_les-voitures-electriques-coutent-plus-cher-malgre-la-baisse-du-prix-des-batteries-voici-les-raisons\" target='bwindow' rel=\"noopener\">Lire la suite&#8230;<\/a><\/p>\n","protected":false},"excerpt":{"rendered":"<p>&lt;img width=&quot;1200&quot; height=&quot;800&quot; src=&quot;https:\/\/www.evearly.news\/fr\/wp-content\/uploads\/sites\/6\/2024\/10\/les-voitures-electriques-coutent-plus-cher-malgre-la-baisse-du-prix-des-batteries-voici-les-raisons.jpg&quot; class=&quot;attachment-large size-large wp-post-image&quot; alt=&quot;&quot; decoding=&quot;async&quot; loading=&quot;lazy&quot; \/<br \/>\nAlors que le co\u00fbt des batteries est en baisse gr\u00e2ce \u00e0 la chute du lithium, le prix des voitures \u00e9lectriques continue de grimper. Mais quelle est la raison de ce ph\u00e9nom\u00e8ne\u2009? En fait, elle est \u00e0 chercher du c\u00f4t\u00e9 des constructeurs.\n<\/p>\n<p> <a class=\"continue-reading-link\" href=\"https:\/\/www.evearly.news\/fr\/les-voitures-electriques-coutent-plus-cher-malgre-la-baisse-du-prix-des-batteries-voici-les-raisons\/\"><\/a><\/p>\n","protected":false},"author":6,"featured_media":289812,"comment_status":"closed","ping_status":"open","sticky":false,"template":"Default","format":"standard","meta":{"footnotes":""},"categories":[14],"tags":[],"class_list":["post-289811","post","type-post","status-publish","format-standard","has-post-thumbnail","hentry","category-frandroid"],"_links":{"self":[{"href":"https:\/\/www.evearly.news\/fr\/wp-json\/wp\/v2\/posts\/289811","targetHints":{"allow":["GET"]}}],"collection":[{"href":"https:\/\/www.evearly.news\/fr\/wp-json\/wp\/v2\/posts"}],"about":[{"href":"https:\/\/www.evearly.news\/fr\/wp-json\/wp\/v2\/types\/post"}],"author":[{"embeddable":true,"href":"https:\/\/www.evearly.news\/fr\/wp-json\/wp\/v2\/users\/6"}],"replies":[{"embeddable":true,"href":"https:\/\/www.evearly.news\/fr\/wp-json\/wp\/v2\/comments?post=289811"}],"version-history":[{"count":0,"href":"https:\/\/www.evearly.news\/fr\/wp-json\/wp\/v2\/posts\/289811\/revisions"}],"wp:featuredmedia":[{"embeddable":true,"href":"https:\/\/www.evearly.news\/fr\/wp-json\/wp\/v2\/media\/289812"}],"wp:attachment":[{"href":"https:\/\/www.evearly.news\/fr\/wp-json\/wp\/v2\/media?parent=289811"}],"wp:term":[{"taxonomy":"category","embeddable":true,"href":"https:\/\/www.evearly.news\/fr\/wp-json\/wp\/v2\/categories?post=289811"},{"taxonomy":"post_tag","embeddable":true,"href":"https:\/\/www.evearly.news\/fr\/wp-json\/wp\/v2\/tags?post=289811"}],"curies":[{"name":"wp","href":"https:\/\/api.w.org\/{rel}","templated":true}]}}