{"id":289988,"date":"2024-10-23T17:58:19","date_gmt":"2024-10-23T15:58:19","guid":{"rendered":"https:\/\/www.evearly.news\/fr\/une-amende-qui-se-compterait-en-milliard-deuros-pourquoi-stellantis-doit-absolument-moins-vendre-de-voitures-thermiques\/"},"modified":"2024-10-23T17:58:19","modified_gmt":"2024-10-23T15:58:19","slug":"une-amende-qui-se-compterait-en-milliard-deuros-pourquoi-stellantis-doit-absolument-moins-vendre-de-voitures-thermiques","status":"publish","type":"post","link":"https:\/\/www.evearly.news\/fr\/une-amende-qui-se-compterait-en-milliard-deuros-pourquoi-stellantis-doit-absolument-moins-vendre-de-voitures-thermiques\/","title":{"rendered":"Une amende qui se compterait en milliard d\u2019euros : pourquoi Stellantis doit absolument moins vendre de voitures thermiques"},"content":{"rendered":"<p><img width=\"1200\" height=\"800\" src=\"https:\/\/www.evearly.news\/fr\/wp-content\/uploads\/sites\/6\/2024\/10\/une-amende-qui-se-compterait-en-milliard-deuros-pourquoi-stellantis-doit-absolument-moins-vendre-de-voitures-thermiques.jpg\" class=\"attachment-large size-large wp-post-image\" alt=\"\" decoding=\"async\" loading=\"lazy\" \/<br \/>\nL&rsquo;Union europ\u00e9enne a d\u00e9cid\u00e9 de favoriser la transition vers l&rsquo;\u00e9lectrique pour les v\u00e9hicules particuliers. Pour acc\u00e9l\u00e9rer ce changement d&rsquo;ampleur, l&rsquo;instance supranationale incite les constructeurs \u00e0 r\u00e9duire les ventes de voitures \u00e9mettant du CO2. Cette incitation passe par une taxe si les objectifs fix\u00e9s ne sont pas respect\u00e9s, et malheureusement, Stellantis risque de devoir drastiquement baisser la vente de voitures thermiques sous peine d&rsquo;une lourde amende.<br \/>\n <a href=\"https:\/\/www.frandroid.com\/survoltes\/voitures-electriques\/2379770_une-amende-qui-se-compterait-en-milliard-deuros-pourquoi-stellantis-doit-absolument-moins-vendre-de-voitures-thermiques\" target='bwindow' rel=\"noopener\">Lire la suite&#8230;<\/a><\/p>\n","protected":false},"excerpt":{"rendered":"<p>&lt;img width=&quot;1200&quot; height=&quot;800&quot; src=&quot;https:\/\/www.evearly.news\/fr\/wp-content\/uploads\/sites\/6\/2024\/10\/une-amende-qui-se-compterait-en-milliard-deuros-pourquoi-stellantis-doit-absolument-moins-vendre-de-voitures-thermiques.jpg&quot; class=&quot;attachment-large size-large wp-post-image&quot; alt=&quot;&quot; decoding=&quot;async&quot; loading=&quot;lazy&quot; \/<br \/>\nL&rsquo;Union europ\u00e9enne a d\u00e9cid\u00e9 de favoriser la transition vers l&rsquo;\u00e9lectrique pour les v\u00e9hicules particuliers. Pour acc\u00e9l\u00e9rer ce changement d&rsquo;ampleur, l&rsquo;instance supranationale incite les constructeurs \u00e0 r\u00e9duire les ventes de voitures \u00e9mettant du CO2. Cette incitation passe par une taxe si les objectifs fix\u00e9s ne sont pas respect\u00e9s, et malheureusement, Stellantis risque de devoir drastiquement baisser la vente de voitures thermiques sous peine d&rsquo;une lourde amende.\n<\/p>\n<p> <a class=\"continue-reading-link\" href=\"https:\/\/www.evearly.news\/fr\/une-amende-qui-se-compterait-en-milliard-deuros-pourquoi-stellantis-doit-absolument-moins-vendre-de-voitures-thermiques\/\"><\/a><\/p>\n","protected":false},"author":6,"featured_media":289989,"comment_status":"closed","ping_status":"open","sticky":false,"template":"Default","format":"standard","meta":{"footnotes":""},"categories":[14],"tags":[],"class_list":["post-289988","post","type-post","status-publish","format-standard","has-post-thumbnail","hentry","category-frandroid"],"_links":{"self":[{"href":"https:\/\/www.evearly.news\/fr\/wp-json\/wp\/v2\/posts\/289988","targetHints":{"allow":["GET"]}}],"collection":[{"href":"https:\/\/www.evearly.news\/fr\/wp-json\/wp\/v2\/posts"}],"about":[{"href":"https:\/\/www.evearly.news\/fr\/wp-json\/wp\/v2\/types\/post"}],"author":[{"embeddable":true,"href":"https:\/\/www.evearly.news\/fr\/wp-json\/wp\/v2\/users\/6"}],"replies":[{"embeddable":true,"href":"https:\/\/www.evearly.news\/fr\/wp-json\/wp\/v2\/comments?post=289988"}],"version-history":[{"count":0,"href":"https:\/\/www.evearly.news\/fr\/wp-json\/wp\/v2\/posts\/289988\/revisions"}],"wp:featuredmedia":[{"embeddable":true,"href":"https:\/\/www.evearly.news\/fr\/wp-json\/wp\/v2\/media\/289989"}],"wp:attachment":[{"href":"https:\/\/www.evearly.news\/fr\/wp-json\/wp\/v2\/media?parent=289988"}],"wp:term":[{"taxonomy":"category","embeddable":true,"href":"https:\/\/www.evearly.news\/fr\/wp-json\/wp\/v2\/categories?post=289988"},{"taxonomy":"post_tag","embeddable":true,"href":"https:\/\/www.evearly.news\/fr\/wp-json\/wp\/v2\/tags?post=289988"}],"curies":[{"name":"wp","href":"https:\/\/api.w.org\/{rel}","templated":true}]}}