{"id":289990,"date":"2024-10-23T18:22:24","date_gmt":"2024-10-23T16:22:24","guid":{"rendered":"https:\/\/www.evearly.news\/fr\/mercedes-ouvre-une-usine-de-recyclage-de-batteries-mais-est-ce-vraiment-necessaire\/"},"modified":"2024-10-23T18:22:24","modified_gmt":"2024-10-23T16:22:24","slug":"mercedes-ouvre-une-usine-de-recyclage-de-batteries-mais-est-ce-vraiment-necessaire","status":"publish","type":"post","link":"https:\/\/www.evearly.news\/fr\/mercedes-ouvre-une-usine-de-recyclage-de-batteries-mais-est-ce-vraiment-necessaire\/","title":{"rendered":"Mercedes ouvre une usine de recyclage de batteries, mais est-ce vraiment n\u00e9cessaire ?"},"content":{"rendered":"<p><img decoding=\"async\" width=\"500\" height=\"333\" src=\"https:\/\/www.evearly.news\/fr\/wp-content\/uploads\/sites\/6\/2024\/10\/mercedes-ouvre-une-usine-de-recyclage-de-batteries-mais-est-ce-vraiment-necessaire.jpg\" class=\"attachment-1200x800 size-1200x800 wp-post-image\" alt=\"\" loading=\"lazy\" srcset=\"https:\/\/www.evearly.news\/fr\/wp-content\/uploads\/sites\/6\/2024\/10\/mercedes-ouvre-une-usine-de-recyclage-de-batteries-mais-est-ce-vraiment-necessaire.jpg 1680w, https:\/\/www.evearly.news\/fr\/wp-content\/uploads\/sites\/6\/2024\/10\/mercedes-ouvre-une-usine-de-recyclage-de-batteries-mais-est-ce-vraiment-necessaire-1.jpg 1640w, https:\/\/www.evearly.news\/fr\/wp-content\/uploads\/sites\/6\/2024\/10\/mercedes-ouvre-une-usine-de-recyclage-de-batteries-mais-est-ce-vraiment-necessaire-2.jpg 1024w, https:\/\/www.evearly.news\/fr\/wp-content\/uploads\/sites\/6\/2024\/10\/mercedes-ouvre-une-usine-de-recyclage-de-batteries-mais-est-ce-vraiment-necessaire-3.jpg 768w, https:\/\/www.evearly.news\/fr\/wp-content\/uploads\/sites\/6\/2024\/10\/mercedes-ouvre-une-usine-de-recyclage-de-batteries-mais-est-ce-vraiment-necessaire-4.jpg 1536w, https:\/\/cdn.automobile-propre.com\/uploads\/2024\/10\/Inauguration-usine-recyclage-batteries-Mercedes-551x413.jpg 551w\" sizes=\"auto, (max-width: 1067px) 100vw, 1067px\" \/><br \/>\nLa marque \u00e0 l&rsquo;\u00e9toile vient d&rsquo;inaugurer en grande pompe sa toute premi\u00e8re usine pour recycler les batteries de ses mod\u00e8les\u2026\u00a0<a href=\"https:\/\/www.automobile-propre.com\/articles\/mercedes-ouvre-une-usine-de-recyclage-de-batteries-mais-est-ce-vraiment-necessaire\/\" target='bwindow' rel=\"noopener\">Lire la suite&#8230;<\/a><\/p>\n","protected":false},"excerpt":{"rendered":"<p>&#8230; <a class=\"continue-reading-link\" href=\"https:\/\/www.evearly.news\/fr\/mercedes-ouvre-une-usine-de-recyclage-de-batteries-mais-est-ce-vraiment-necessaire\/\"><\/a><\/p>\n","protected":false},"author":8,"featured_media":289991,"comment_status":"closed","ping_status":"open","sticky":false,"template":"Default","format":"standard","meta":{"footnotes":""},"categories":[8],"tags":[],"class_list":["post-289990","post","type-post","status-publish","format-standard","has-post-thumbnail","hentry","category-automobile-propre"],"_links":{"self":[{"href":"https:\/\/www.evearly.news\/fr\/wp-json\/wp\/v2\/posts\/289990","targetHints":{"allow":["GET"]}}],"collection":[{"href":"https:\/\/www.evearly.news\/fr\/wp-json\/wp\/v2\/posts"}],"about":[{"href":"https:\/\/www.evearly.news\/fr\/wp-json\/wp\/v2\/types\/post"}],"author":[{"embeddable":true,"href":"https:\/\/www.evearly.news\/fr\/wp-json\/wp\/v2\/users\/8"}],"replies":[{"embeddable":true,"href":"https:\/\/www.evearly.news\/fr\/wp-json\/wp\/v2\/comments?post=289990"}],"version-history":[{"count":0,"href":"https:\/\/www.evearly.news\/fr\/wp-json\/wp\/v2\/posts\/289990\/revisions"}],"wp:featuredmedia":[{"embeddable":true,"href":"https:\/\/www.evearly.news\/fr\/wp-json\/wp\/v2\/media\/289991"}],"wp:attachment":[{"href":"https:\/\/www.evearly.news\/fr\/wp-json\/wp\/v2\/media?parent=289990"}],"wp:term":[{"taxonomy":"category","embeddable":true,"href":"https:\/\/www.evearly.news\/fr\/wp-json\/wp\/v2\/categories?post=289990"},{"taxonomy":"post_tag","embeddable":true,"href":"https:\/\/www.evearly.news\/fr\/wp-json\/wp\/v2\/tags?post=289990"}],"curies":[{"name":"wp","href":"https:\/\/api.w.org\/{rel}","templated":true}]}}