{"id":290000,"date":"2024-10-24T08:24:30","date_gmt":"2024-10-24T06:24:30","guid":{"rendered":"https:\/\/www.evearly.news\/fr\/tesla-promet-de-nouveaux-modeles-de-voitures-electriques-abordables-des-2025\/"},"modified":"2024-10-24T08:24:30","modified_gmt":"2024-10-24T06:24:30","slug":"tesla-promet-de-nouveaux-modeles-de-voitures-electriques-abordables-des-2025","status":"publish","type":"post","link":"https:\/\/www.evearly.news\/fr\/tesla-promet-de-nouveaux-modeles-de-voitures-electriques-abordables-des-2025\/","title":{"rendered":"Tesla promet de nouveaux mod\u00e8les de voitures \u00e9lectriques abordables d\u00e8s 2025"},"content":{"rendered":"<p><img width=\"845\" height=\"475\" src=\"https:\/\/www.evearly.news\/fr\/wp-content\/uploads\/sites\/6\/2024\/10\/tesla-promet-de-nouveaux-modeles-de-voitures-electriques-abordables-des-2025.jpg\" class=\"attachment-full size-full wp-post-image\" alt=\"Tesla Model 2 sketch\" decoding=\"async\" loading=\"lazy\" srcset=\"https:\/\/www.evearly.news\/fr\/wp-content\/uploads\/sites\/6\/2024\/10\/tesla-promet-de-nouveaux-modeles-de-voitures-electriques-abordables-des-2025.jpg 845w, https:\/\/www.evearly.news\/fr\/wp-content\/uploads\/sites\/6\/2024\/10\/tesla-promet-de-nouveaux-modeles-de-voitures-electriques-abordables-des-2025-1.jpg 598w, https:\/\/www.presse-citron.net\/app\/uploads\/2022\/03\/Tesla-Model-2-render-Shanghai-50x28.jpg 50w\" sizes=\"auto, (max-width: 845px) 100vw, 845px\"><\/p>\n<p>Le constructeur automobile am\u00e9ricain annonce une nouvelle fois son intention de lancer des v\u00e9hicules \u00e9lectriques plus abordables d\u00e8s le d\u00e9but d\u2019ann\u00e9e prochaine.<a href=\"https:\/\/www.presse-citron.net\/tesla-promet-de-nouveaux-modeles-de-voitures-electriques-abordables-des-2025\/\" target=\"blank\" rel=\"noopener\"> Lire la suite&#8230;<\/a><\/p>\n","protected":false},"excerpt":{"rendered":"<p>Le constructeur automobile am\u00e9ricain annonce une nouvelle fois son intention de lancer des v\u00e9hicules \u00e9lectriques plus abordables d\u00e8s le d\u00e9but d\u2019ann\u00e9e prochaine&#8230;. <a class=\"continue-reading-link\" href=\"https:\/\/www.evearly.news\/fr\/tesla-promet-de-nouveaux-modeles-de-voitures-electriques-abordables-des-2025\/\"><\/a><\/p>\n","protected":false},"author":18,"featured_media":290001,"comment_status":"closed","ping_status":"open","sticky":false,"template":"Default","format":"standard","meta":{"footnotes":""},"categories":[19],"tags":[],"class_list":["post-290000","post","type-post","status-publish","format-standard","has-post-thumbnail","hentry","category-presse-citron"],"_links":{"self":[{"href":"https:\/\/www.evearly.news\/fr\/wp-json\/wp\/v2\/posts\/290000","targetHints":{"allow":["GET"]}}],"collection":[{"href":"https:\/\/www.evearly.news\/fr\/wp-json\/wp\/v2\/posts"}],"about":[{"href":"https:\/\/www.evearly.news\/fr\/wp-json\/wp\/v2\/types\/post"}],"author":[{"embeddable":true,"href":"https:\/\/www.evearly.news\/fr\/wp-json\/wp\/v2\/users\/18"}],"replies":[{"embeddable":true,"href":"https:\/\/www.evearly.news\/fr\/wp-json\/wp\/v2\/comments?post=290000"}],"version-history":[{"count":0,"href":"https:\/\/www.evearly.news\/fr\/wp-json\/wp\/v2\/posts\/290000\/revisions"}],"wp:featuredmedia":[{"embeddable":true,"href":"https:\/\/www.evearly.news\/fr\/wp-json\/wp\/v2\/media\/290001"}],"wp:attachment":[{"href":"https:\/\/www.evearly.news\/fr\/wp-json\/wp\/v2\/media?parent=290000"}],"wp:term":[{"taxonomy":"category","embeddable":true,"href":"https:\/\/www.evearly.news\/fr\/wp-json\/wp\/v2\/categories?post=290000"},{"taxonomy":"post_tag","embeddable":true,"href":"https:\/\/www.evearly.news\/fr\/wp-json\/wp\/v2\/tags?post=290000"}],"curies":[{"name":"wp","href":"https:\/\/api.w.org\/{rel}","templated":true}]}}