{"id":290248,"date":"2024-10-28T17:51:23","date_gmt":"2024-10-28T16:51:23","guid":{"rendered":"https:\/\/www.evearly.news\/fr\/essai-cupra-terramar-vz-suv-hybride-rechargeable-de-caractere\/"},"modified":"2024-10-28T17:51:23","modified_gmt":"2024-10-28T16:51:23","slug":"essai-cupra-terramar-vz-suv-hybride-rechargeable-de-caractere","status":"publish","type":"post","link":"https:\/\/www.evearly.news\/fr\/essai-cupra-terramar-vz-suv-hybride-rechargeable-de-caractere\/","title":{"rendered":"Essai \u2013 Cupra Terramar VZ : SUV hybride rechargeable de caract\u00e8re"},"content":{"rendered":"<p><img decoding=\"async\" width=\"500\" height=\"333\" src=\"https:\/\/www.evearly.news\/fr\/wp-content\/uploads\/sites\/6\/2024\/10\/essai-cupra-terramar-vz-suv-hybride-rechargeable-de-caractere.jpg\" class=\"attachment-1200x800 size-1200x800 wp-post-image\" alt=\"Cupra Terramar VZ\" loading=\"lazy\" srcset=\"https:\/\/www.evearly.news\/fr\/wp-content\/uploads\/sites\/6\/2024\/10\/essai-cupra-terramar-vz-suv-hybride-rechargeable-de-caractere.jpg 1536w, https:\/\/www.evearly.news\/fr\/wp-content\/uploads\/sites\/6\/2024\/10\/essai-cupra-terramar-vz-suv-hybride-rechargeable-de-caractere-1.jpg 1640w, https:\/\/www.evearly.news\/fr\/wp-content\/uploads\/sites\/6\/2024\/10\/essai-cupra-terramar-vz-suv-hybride-rechargeable-de-caractere-2.jpg 1024w, https:\/\/www.evearly.news\/fr\/wp-content\/uploads\/sites\/6\/2024\/10\/essai-cupra-terramar-vz-suv-hybride-rechargeable-de-caractere-3.jpg 140w, https:\/\/www.evearly.news\/fr\/wp-content\/uploads\/sites\/6\/2024\/10\/essai-cupra-terramar-vz-suv-hybride-rechargeable-de-caractere-4.jpg 768w, https:\/\/www.evearly.news\/fr\/wp-content\/uploads\/sites\/6\/2024\/10\/essai-cupra-terramar-vz-suv-hybride-rechargeable-de-caractere-5.jpg 620w, https:\/\/www.evearly.news\/fr\/wp-content\/uploads\/sites\/6\/2024\/10\/essai-cupra-terramar-vz-suv-hybride-rechargeable-de-caractere-6.jpg 100w, https:\/\/www.evearly.news\/fr\/wp-content\/uploads\/sites\/6\/2024\/10\/essai-cupra-terramar-vz-suv-hybride-rechargeable-de-caractere-7.jpg 190w, https:\/\/www.evearly.news\/fr\/wp-content\/uploads\/sites\/6\/2024\/10\/essai-cupra-terramar-vz-suv-hybride-rechargeable-de-caractere-8.jpg 600w, https:\/\/cdn.automobile-propre.com\/uploads\/2024\/10\/Cupra-Terramar-VZ-1.jpg 2000w\" sizes=\"auto, (max-width: 1200px) 100vw, 1200px\" \/><br \/>\nUn mod\u00e8le familial \u00e0 la sauce Cupra, entre design affirm\u00e9, performances, et plaisir de conduite. Tel est le programme du\u2026\u00a0<a href=\"https:\/\/www.automobile-propre.com\/articles\/essai-cupra-terramar-vz-suv-hybride-rechargeable-de-caractere\/\" target='bwindow' rel=\"noopener\">Lire la suite&#8230;<\/a><\/p>\n","protected":false},"excerpt":{"rendered":"<p>&#8230; <a class=\"continue-reading-link\" href=\"https:\/\/www.evearly.news\/fr\/essai-cupra-terramar-vz-suv-hybride-rechargeable-de-caractere\/\"><\/a><\/p>\n","protected":false},"author":8,"featured_media":290249,"comment_status":"closed","ping_status":"open","sticky":false,"template":"Default","format":"standard","meta":{"footnotes":""},"categories":[8],"tags":[],"class_list":["post-290248","post","type-post","status-publish","format-standard","has-post-thumbnail","hentry","category-automobile-propre"],"_links":{"self":[{"href":"https:\/\/www.evearly.news\/fr\/wp-json\/wp\/v2\/posts\/290248","targetHints":{"allow":["GET"]}}],"collection":[{"href":"https:\/\/www.evearly.news\/fr\/wp-json\/wp\/v2\/posts"}],"about":[{"href":"https:\/\/www.evearly.news\/fr\/wp-json\/wp\/v2\/types\/post"}],"author":[{"embeddable":true,"href":"https:\/\/www.evearly.news\/fr\/wp-json\/wp\/v2\/users\/8"}],"replies":[{"embeddable":true,"href":"https:\/\/www.evearly.news\/fr\/wp-json\/wp\/v2\/comments?post=290248"}],"version-history":[{"count":0,"href":"https:\/\/www.evearly.news\/fr\/wp-json\/wp\/v2\/posts\/290248\/revisions"}],"wp:featuredmedia":[{"embeddable":true,"href":"https:\/\/www.evearly.news\/fr\/wp-json\/wp\/v2\/media\/290249"}],"wp:attachment":[{"href":"https:\/\/www.evearly.news\/fr\/wp-json\/wp\/v2\/media?parent=290248"}],"wp:term":[{"taxonomy":"category","embeddable":true,"href":"https:\/\/www.evearly.news\/fr\/wp-json\/wp\/v2\/categories?post=290248"},{"taxonomy":"post_tag","embeddable":true,"href":"https:\/\/www.evearly.news\/fr\/wp-json\/wp\/v2\/tags?post=290248"}],"curies":[{"name":"wp","href":"https:\/\/api.w.org\/{rel}","templated":true}]}}