{"id":290256,"date":"2024-10-28T18:56:25","date_gmt":"2024-10-28T17:56:25","guid":{"rendered":"https:\/\/www.evearly.news\/fr\/alpine-a290-quand-les-livraisons-de-la-cousine-sportive-de-la-renault-5-debuteront-elles\/"},"modified":"2024-10-28T18:56:25","modified_gmt":"2024-10-28T17:56:25","slug":"alpine-a290-quand-les-livraisons-de-la-cousine-sportive-de-la-renault-5-debuteront-elles","status":"publish","type":"post","link":"https:\/\/www.evearly.news\/fr\/alpine-a290-quand-les-livraisons-de-la-cousine-sportive-de-la-renault-5-debuteront-elles\/","title":{"rendered":"Alpine A290 : quand les livraisons de la cousine sportive de la Renault 5 d\u00e9buteront-elles ?"},"content":{"rendered":"<div class=\"media_block\"><img decoding=\"async\" src=\"https:\/\/www.evearly.news\/fr\/wp-content\/uploads\/sites\/6\/2024\/10\/alpine-a290-quand-les-livraisons-de-la-cousine-sportive-de-la-renault-5-debuteront-elles.jpg\"><\/div>\n<p>L&rsquo;Alpine A290 a d\u00e9barqu\u00e9 en concessions quasiment en m\u00eame temps que sa cousine au losange, la Renault 5, dont elle d\u00e9rive \u00e9troitement. Mais les premiers clients devront patienter davantage avant les premi\u00e8res livraisons de cette citadine \u00e9lectrique sportive.\u00a0 <a href=\"https:\/\/www.automobile-magazine.fr\/voitures-electriques\/article\/45279-alpine-a290-quand-vont-debuter-les-livraisons-de-la-cousine-sportive-de-la-renault-5\" target='bwindow' rel=\"noopener\">Lire la suite&#8230;<\/a><\/p>\n","protected":false},"excerpt":{"rendered":"<div class=\"media_block\"><img decoding=\"async\" src=\"https:\/\/www.evearly.news\/fr\/wp-content\/uploads\/sites\/6\/2024\/10\/alpine-a290-quand-les-livraisons-de-la-cousine-sportive-de-la-renault-5-debuteront-elles.jpg\"><\/div>\n<p> <a class=\"continue-reading-link\" href=\"https:\/\/www.evearly.news\/fr\/alpine-a290-quand-les-livraisons-de-la-cousine-sportive-de-la-renault-5-debuteront-elles\/\"><\/a><\/p>\n","protected":false},"author":7,"featured_media":290257,"comment_status":"closed","ping_status":"open","sticky":false,"template":"Default","format":"standard","meta":{"footnotes":""},"categories":[7],"tags":[],"class_list":["post-290256","post","type-post","status-publish","format-standard","has-post-thumbnail","hentry","category-automobile-magazine"],"_links":{"self":[{"href":"https:\/\/www.evearly.news\/fr\/wp-json\/wp\/v2\/posts\/290256","targetHints":{"allow":["GET"]}}],"collection":[{"href":"https:\/\/www.evearly.news\/fr\/wp-json\/wp\/v2\/posts"}],"about":[{"href":"https:\/\/www.evearly.news\/fr\/wp-json\/wp\/v2\/types\/post"}],"author":[{"embeddable":true,"href":"https:\/\/www.evearly.news\/fr\/wp-json\/wp\/v2\/users\/7"}],"replies":[{"embeddable":true,"href":"https:\/\/www.evearly.news\/fr\/wp-json\/wp\/v2\/comments?post=290256"}],"version-history":[{"count":0,"href":"https:\/\/www.evearly.news\/fr\/wp-json\/wp\/v2\/posts\/290256\/revisions"}],"wp:featuredmedia":[{"embeddable":true,"href":"https:\/\/www.evearly.news\/fr\/wp-json\/wp\/v2\/media\/290257"}],"wp:attachment":[{"href":"https:\/\/www.evearly.news\/fr\/wp-json\/wp\/v2\/media?parent=290256"}],"wp:term":[{"taxonomy":"category","embeddable":true,"href":"https:\/\/www.evearly.news\/fr\/wp-json\/wp\/v2\/categories?post=290256"},{"taxonomy":"post_tag","embeddable":true,"href":"https:\/\/www.evearly.news\/fr\/wp-json\/wp\/v2\/tags?post=290256"}],"curies":[{"name":"wp","href":"https:\/\/api.w.org\/{rel}","templated":true}]}}