{"id":290402,"date":"2024-10-30T22:21:22","date_gmt":"2024-10-30T21:21:22","guid":{"rendered":"https:\/\/www.evearly.news\/fr\/renault-devoile-la-planche-de-bord-de-lembleme-symbole-des-futurs-habitacles-de-la-marque\/"},"modified":"2024-10-30T22:21:22","modified_gmt":"2024-10-30T21:21:22","slug":"renault-devoile-la-planche-de-bord-de-lembleme-symbole-des-futurs-habitacles-de-la-marque","status":"publish","type":"post","link":"https:\/\/www.evearly.news\/fr\/renault-devoile-la-planche-de-bord-de-lembleme-symbole-des-futurs-habitacles-de-la-marque\/","title":{"rendered":"Renault d\u00e9voile la planche de bord de l\u2019Embl\u00e8me, symbole des futurs habitacles de la marque"},"content":{"rendered":"<p><img decoding=\"async\" src=\"https:\/\/www.evearly.news\/fr\/wp-content\/uploads\/sites\/6\/2024\/10\/renault-devoile-la-planche-de-bord-de-lembleme-symbole-des-futurs-habitacles-de-la-marque.webp\" alt=\"auto-moto\"><br \/>Apr\u00e8s avoir montr\u00e9 l\u2019ext\u00e9rieur du concept Embl\u00e8me au Mondial de l\u2019Automobile, Renault d\u00e9voile son habitacle. Il pr\u00e9figure celui des futures mod\u00e8les du Losange d\u2019ici 2028. <a href=\"https:\/\/www.auto-moto.com\/concept-car\/renault-devoile-la-planche-de-bord-de-l-embleme--symbole-des-futurs-habitacles-de-la-marque-48702\" target=\"blank\" rel=\"noopener\">Lire la suite&#8230;<\/a><\/p>\n","protected":false},"excerpt":{"rendered":"<p>Apr\u00e8s avoir montr\u00e9 l\u2019ext\u00e9rieur du concept Embl\u00e8me au Mondial de l\u2019Automobile, Renault d\u00e9voile son habitacle. Il pr\u00e9figure celui des futures mod\u00e8les du Losange d\u2019ici 2028&#8230;. <a class=\"continue-reading-link\" href=\"https:\/\/www.evearly.news\/fr\/renault-devoile-la-planche-de-bord-de-lembleme-symbole-des-futurs-habitacles-de-la-marque\/\"><\/a><\/p>\n","protected":false},"author":9,"featured_media":290403,"comment_status":"closed","ping_status":"open","sticky":false,"template":"Default","format":"standard","meta":{"footnotes":""},"categories":[10],"tags":[],"class_list":["post-290402","post","type-post","status-publish","format-standard","has-post-thumbnail","hentry","category-auto-moto-com"],"_links":{"self":[{"href":"https:\/\/www.evearly.news\/fr\/wp-json\/wp\/v2\/posts\/290402","targetHints":{"allow":["GET"]}}],"collection":[{"href":"https:\/\/www.evearly.news\/fr\/wp-json\/wp\/v2\/posts"}],"about":[{"href":"https:\/\/www.evearly.news\/fr\/wp-json\/wp\/v2\/types\/post"}],"author":[{"embeddable":true,"href":"https:\/\/www.evearly.news\/fr\/wp-json\/wp\/v2\/users\/9"}],"replies":[{"embeddable":true,"href":"https:\/\/www.evearly.news\/fr\/wp-json\/wp\/v2\/comments?post=290402"}],"version-history":[{"count":0,"href":"https:\/\/www.evearly.news\/fr\/wp-json\/wp\/v2\/posts\/290402\/revisions"}],"wp:featuredmedia":[{"embeddable":true,"href":"https:\/\/www.evearly.news\/fr\/wp-json\/wp\/v2\/media\/290403"}],"wp:attachment":[{"href":"https:\/\/www.evearly.news\/fr\/wp-json\/wp\/v2\/media?parent=290402"}],"wp:term":[{"taxonomy":"category","embeddable":true,"href":"https:\/\/www.evearly.news\/fr\/wp-json\/wp\/v2\/categories?post=290402"},{"taxonomy":"post_tag","embeddable":true,"href":"https:\/\/www.evearly.news\/fr\/wp-json\/wp\/v2\/tags?post=290402"}],"curies":[{"name":"wp","href":"https:\/\/api.w.org\/{rel}","templated":true}]}}