{"id":290404,"date":"2024-10-31T07:50:07","date_gmt":"2024-10-31T06:50:07","guid":{"rendered":"https:\/\/www.evearly.news\/fr\/futur-bmw-ix3-2025-en-quoi-se-demarquera-t-il-un-peu-plus-du-suv-x3\/"},"modified":"2024-10-31T07:50:07","modified_gmt":"2024-10-31T06:50:07","slug":"futur-bmw-ix3-2025-en-quoi-se-demarquera-t-il-un-peu-plus-du-suv-x3","status":"publish","type":"post","link":"https:\/\/www.evearly.news\/fr\/futur-bmw-ix3-2025-en-quoi-se-demarquera-t-il-un-peu-plus-du-suv-x3\/","title":{"rendered":"Futur BMW iX3 (2025) : en quoi se d\u00e9marquera-t-il un peu plus du SUV X3 ?"},"content":{"rendered":"<p><img decoding=\"async\" src=\"https:\/\/www.evearly.news\/fr\/wp-content\/uploads\/sites\/6\/2024\/10\/futur-bmw-ix3-2025-en-quoi-se-demarquera-t-il-un-peu-plus-du-suv-x3.webp\" alt=\"auto-moto\"><br \/>La seconde g\u00e9n\u00e9ration de iX3 100% \u00e9lectrique s&rsquo;\u00e9mancipera du r\u00e9cent X3 thermique. On vous en explique les raisons. <a href=\"https:\/\/www.auto-moto.com\/suv\/futur-bmw-ix3-2025--une-toute-nouvelle-generation--48645\" target=\"blank\" rel=\"noopener\">Lire la suite&#8230;<\/a><\/p>\n","protected":false},"excerpt":{"rendered":"<p>La seconde g\u00e9n\u00e9ration de iX3 100% \u00e9lectrique s&rsquo;\u00e9mancipera du r\u00e9cent X3 thermique. On vous en explique les raisons&#8230;. <a class=\"continue-reading-link\" href=\"https:\/\/www.evearly.news\/fr\/futur-bmw-ix3-2025-en-quoi-se-demarquera-t-il-un-peu-plus-du-suv-x3\/\"><\/a><\/p>\n","protected":false},"author":9,"featured_media":290405,"comment_status":"closed","ping_status":"open","sticky":false,"template":"Default","format":"standard","meta":{"footnotes":""},"categories":[10],"tags":[],"class_list":["post-290404","post","type-post","status-publish","format-standard","has-post-thumbnail","hentry","category-auto-moto-com"],"_links":{"self":[{"href":"https:\/\/www.evearly.news\/fr\/wp-json\/wp\/v2\/posts\/290404","targetHints":{"allow":["GET"]}}],"collection":[{"href":"https:\/\/www.evearly.news\/fr\/wp-json\/wp\/v2\/posts"}],"about":[{"href":"https:\/\/www.evearly.news\/fr\/wp-json\/wp\/v2\/types\/post"}],"author":[{"embeddable":true,"href":"https:\/\/www.evearly.news\/fr\/wp-json\/wp\/v2\/users\/9"}],"replies":[{"embeddable":true,"href":"https:\/\/www.evearly.news\/fr\/wp-json\/wp\/v2\/comments?post=290404"}],"version-history":[{"count":0,"href":"https:\/\/www.evearly.news\/fr\/wp-json\/wp\/v2\/posts\/290404\/revisions"}],"wp:featuredmedia":[{"embeddable":true,"href":"https:\/\/www.evearly.news\/fr\/wp-json\/wp\/v2\/media\/290405"}],"wp:attachment":[{"href":"https:\/\/www.evearly.news\/fr\/wp-json\/wp\/v2\/media?parent=290404"}],"wp:term":[{"taxonomy":"category","embeddable":true,"href":"https:\/\/www.evearly.news\/fr\/wp-json\/wp\/v2\/categories?post=290404"},{"taxonomy":"post_tag","embeddable":true,"href":"https:\/\/www.evearly.news\/fr\/wp-json\/wp\/v2\/tags?post=290404"}],"curies":[{"name":"wp","href":"https:\/\/api.w.org\/{rel}","templated":true}]}}