{"id":290756,"date":"2024-11-06T15:51:21","date_gmt":"2024-11-06T14:51:21","guid":{"rendered":"https:\/\/www.evearly.news\/fr\/mercedes-confirme-que-la-future-cla-sera-electrique-et-hybride\/"},"modified":"2024-11-06T15:51:21","modified_gmt":"2024-11-06T14:51:21","slug":"mercedes-confirme-que-la-future-cla-sera-electrique-et-hybride","status":"publish","type":"post","link":"https:\/\/www.evearly.news\/fr\/mercedes-confirme-que-la-future-cla-sera-electrique-et-hybride\/","title":{"rendered":"Mercedes confirme que la future CLA sera \u00e9lectrique et hybride"},"content":{"rendered":"<p><img decoding=\"async\" src=\"https:\/\/www.evearly.news\/fr\/wp-content\/uploads\/sites\/6\/2024\/11\/mercedes-confirme-que-la-future-cla-sera-electrique-et-hybride.webp\" alt=\"auto-moto\"><br \/>La campagne de communication de Mercedes continue pour la troisi\u00e8me g\u00e9n\u00e9ration de CLA, avec de nouvelles informations d\u00e9livr\u00e9es par son patron Ola K\u00e4llenius. Parmi elles, la confirmation de variantes hybrides en plus de l\u2019\u00e9lectrique d\u00e9j\u00e0 annonc\u00e9e. <a href=\"https:\/\/www.auto-moto.com\/hybride\/mercedes-confirme-que-la-future-cla-sera-electrique-et-hybride-49023\" target=\"blank\" rel=\"noopener\">Lire la suite&#8230;<\/a><\/p>\n","protected":false},"excerpt":{"rendered":"<p>La campagne de communication de Mercedes continue pour la troisi\u00e8me g\u00e9n\u00e9ration de CLA, avec de nouvelles informations d\u00e9livr\u00e9es par son patron Ola K\u00e4llenius. Parmi elles, la confirmation de variantes hybrides en plus de l\u2019\u00e9lectrique d\u00e9j\u00e0 annonc\u00e9e&#8230;. <a class=\"continue-reading-link\" href=\"https:\/\/www.evearly.news\/fr\/mercedes-confirme-que-la-future-cla-sera-electrique-et-hybride\/\"><\/a><\/p>\n","protected":false},"author":9,"featured_media":290757,"comment_status":"closed","ping_status":"open","sticky":false,"template":"Default","format":"standard","meta":{"footnotes":""},"categories":[10],"tags":[],"class_list":["post-290756","post","type-post","status-publish","format-standard","has-post-thumbnail","hentry","category-auto-moto-com"],"_links":{"self":[{"href":"https:\/\/www.evearly.news\/fr\/wp-json\/wp\/v2\/posts\/290756","targetHints":{"allow":["GET"]}}],"collection":[{"href":"https:\/\/www.evearly.news\/fr\/wp-json\/wp\/v2\/posts"}],"about":[{"href":"https:\/\/www.evearly.news\/fr\/wp-json\/wp\/v2\/types\/post"}],"author":[{"embeddable":true,"href":"https:\/\/www.evearly.news\/fr\/wp-json\/wp\/v2\/users\/9"}],"replies":[{"embeddable":true,"href":"https:\/\/www.evearly.news\/fr\/wp-json\/wp\/v2\/comments?post=290756"}],"version-history":[{"count":0,"href":"https:\/\/www.evearly.news\/fr\/wp-json\/wp\/v2\/posts\/290756\/revisions"}],"wp:featuredmedia":[{"embeddable":true,"href":"https:\/\/www.evearly.news\/fr\/wp-json\/wp\/v2\/media\/290757"}],"wp:attachment":[{"href":"https:\/\/www.evearly.news\/fr\/wp-json\/wp\/v2\/media?parent=290756"}],"wp:term":[{"taxonomy":"category","embeddable":true,"href":"https:\/\/www.evearly.news\/fr\/wp-json\/wp\/v2\/categories?post=290756"},{"taxonomy":"post_tag","embeddable":true,"href":"https:\/\/www.evearly.news\/fr\/wp-json\/wp\/v2\/tags?post=290756"}],"curies":[{"name":"wp","href":"https:\/\/api.w.org\/{rel}","templated":true}]}}