{"id":290923,"date":"2024-11-09T16:22:29","date_gmt":"2024-11-09T15:22:29","guid":{"rendered":"https:\/\/www.evearly.news\/fr\/la-nouvelle-dacia-spring-declinee-en-version-utilitaire\/"},"modified":"2024-11-09T16:22:29","modified_gmt":"2024-11-09T15:22:29","slug":"la-nouvelle-dacia-spring-declinee-en-version-utilitaire","status":"publish","type":"post","link":"https:\/\/www.evearly.news\/fr\/la-nouvelle-dacia-spring-declinee-en-version-utilitaire\/","title":{"rendered":"La nouvelle Dacia Spring d\u00e9clin\u00e9e en version utilitaire"},"content":{"rendered":"<p><img decoding=\"async\" width=\"500\" height=\"333\" src=\"https:\/\/www.evearly.news\/fr\/wp-content\/uploads\/sites\/6\/2024\/11\/la-nouvelle-dacia-spring-declinee-en-version-utilitaire.jpg\" class=\"attachment-1200x800 size-1200x800 wp-post-image\" alt=\"\" loading=\"lazy\" srcset=\"https:\/\/www.evearly.news\/fr\/wp-content\/uploads\/sites\/6\/2024\/11\/la-nouvelle-dacia-spring-declinee-en-version-utilitaire.jpg 2048w, https:\/\/www.evearly.news\/fr\/wp-content\/uploads\/sites\/6\/2024\/11\/la-nouvelle-dacia-spring-declinee-en-version-utilitaire-1.jpg 1640w, https:\/\/www.evearly.news\/fr\/wp-content\/uploads\/sites\/6\/2024\/11\/la-nouvelle-dacia-spring-declinee-en-version-utilitaire-2.jpg 1024w, https:\/\/www.evearly.news\/fr\/wp-content\/uploads\/sites\/6\/2024\/11\/la-nouvelle-dacia-spring-declinee-en-version-utilitaire-3.jpg 140w, https:\/\/www.evearly.news\/fr\/wp-content\/uploads\/sites\/6\/2024\/11\/la-nouvelle-dacia-spring-declinee-en-version-utilitaire-4.jpg 768w, https:\/\/www.evearly.news\/fr\/wp-content\/uploads\/sites\/6\/2024\/11\/la-nouvelle-dacia-spring-declinee-en-version-utilitaire-5.jpg 1536w, https:\/\/www.evearly.news\/fr\/wp-content\/uploads\/sites\/6\/2024\/11\/la-nouvelle-dacia-spring-declinee-en-version-utilitaire-6.jpg 620w, https:\/\/www.evearly.news\/fr\/wp-content\/uploads\/sites\/6\/2024\/11\/la-nouvelle-dacia-spring-declinee-en-version-utilitaire-7.jpg 100w, https:\/\/cdn.automobile-propre.com\/uploads\/2024\/11\/Original-5951-all-new-dacia-spring-cargo-1-190x126.jpg 190w\" sizes=\"auto, (max-width: 1200px) 100vw, 1200px\" \/><br \/>\nDacia vient de lever le voile sur la Spring Cargo restyl\u00e9e. Une version utilitaire de la c\u00e9l\u00e8bre citadine \u00e9lectrique. Malheureusement,\u2026\u00a0<a href=\"https:\/\/www.automobile-propre.com\/articles\/dacia-spring-cargo-restylage-pour-la-camionnette-electrique-la-plus-abordable-du-marche\/\" target='bwindow' rel=\"noopener\">Lire la suite&#8230;<\/a><\/p>\n","protected":false},"excerpt":{"rendered":"<p>&#8230; <a class=\"continue-reading-link\" href=\"https:\/\/www.evearly.news\/fr\/la-nouvelle-dacia-spring-declinee-en-version-utilitaire\/\"><\/a><\/p>\n","protected":false},"author":8,"featured_media":290924,"comment_status":"closed","ping_status":"open","sticky":false,"template":"Default","format":"standard","meta":{"footnotes":""},"categories":[8],"tags":[],"class_list":["post-290923","post","type-post","status-publish","format-standard","has-post-thumbnail","hentry","category-automobile-propre"],"_links":{"self":[{"href":"https:\/\/www.evearly.news\/fr\/wp-json\/wp\/v2\/posts\/290923","targetHints":{"allow":["GET"]}}],"collection":[{"href":"https:\/\/www.evearly.news\/fr\/wp-json\/wp\/v2\/posts"}],"about":[{"href":"https:\/\/www.evearly.news\/fr\/wp-json\/wp\/v2\/types\/post"}],"author":[{"embeddable":true,"href":"https:\/\/www.evearly.news\/fr\/wp-json\/wp\/v2\/users\/8"}],"replies":[{"embeddable":true,"href":"https:\/\/www.evearly.news\/fr\/wp-json\/wp\/v2\/comments?post=290923"}],"version-history":[{"count":0,"href":"https:\/\/www.evearly.news\/fr\/wp-json\/wp\/v2\/posts\/290923\/revisions"}],"wp:featuredmedia":[{"embeddable":true,"href":"https:\/\/www.evearly.news\/fr\/wp-json\/wp\/v2\/media\/290924"}],"wp:attachment":[{"href":"https:\/\/www.evearly.news\/fr\/wp-json\/wp\/v2\/media?parent=290923"}],"wp:term":[{"taxonomy":"category","embeddable":true,"href":"https:\/\/www.evearly.news\/fr\/wp-json\/wp\/v2\/categories?post=290923"},{"taxonomy":"post_tag","embeddable":true,"href":"https:\/\/www.evearly.news\/fr\/wp-json\/wp\/v2\/tags?post=290923"}],"curies":[{"name":"wp","href":"https:\/\/api.w.org\/{rel}","templated":true}]}}