{"id":290925,"date":"2024-11-09T16:50:07","date_gmt":"2024-11-09T15:50:07","guid":{"rendered":"https:\/\/www.evearly.news\/fr\/recharger-sa-voiture-electrique-en-immeuble-la-galere-nest-pas-terminee\/"},"modified":"2024-11-09T16:50:07","modified_gmt":"2024-11-09T15:50:07","slug":"recharger-sa-voiture-electrique-en-immeuble-la-galere-nest-pas-terminee","status":"publish","type":"post","link":"https:\/\/www.evearly.news\/fr\/recharger-sa-voiture-electrique-en-immeuble-la-galere-nest-pas-terminee\/","title":{"rendered":"Recharger sa voiture \u00e9lectrique en immeuble : la gal\u00e8re n&rsquo;est pas termin\u00e9e"},"content":{"rendered":"<div class=\"media_block\"><img decoding=\"async\" src=\"https:\/\/www.evearly.news\/fr\/wp-content\/uploads\/sites\/6\/2024\/11\/recharger-sa-voiture-electrique-en-immeuble-la-galere-nest-pas-terminee.jpg\"><\/div>\n<p>Alors que pr\u00e8s d&rsquo;un fran\u00e7ais sur deux vit en immeuble collectif, la majorit\u00e9 d&rsquo;entre eux n&rsquo;a pas la possibilit\u00e9 de recharger sa voiture \u00e9lectrique \u00e0 domicile. Ils se trouvent ainsi p\u00e9nalis\u00e9s par rapport aux propri\u00e9taires de maisons individuelles, et la situation ne s&rsquo;am\u00e9liore que lentement. <a href=\"https:\/\/www.automobile-magazine.fr\/voitures-electriques\/article\/45439-recharger-sa-voiture-electrique-en-immeuble-la-galere-nest-pas-terminee\" target='bwindow' rel=\"noopener\">Lire la suite&#8230;<\/a><\/p>\n","protected":false},"excerpt":{"rendered":"<div class=\"media_block\"><img decoding=\"async\" src=\"https:\/\/www.evearly.news\/fr\/wp-content\/uploads\/sites\/6\/2024\/11\/recharger-sa-voiture-electrique-en-immeuble-la-galere-nest-pas-terminee.jpg\"><\/div>\n<p> <a class=\"continue-reading-link\" href=\"https:\/\/www.evearly.news\/fr\/recharger-sa-voiture-electrique-en-immeuble-la-galere-nest-pas-terminee\/\"><\/a><\/p>\n","protected":false},"author":7,"featured_media":290926,"comment_status":"closed","ping_status":"open","sticky":false,"template":"Default","format":"standard","meta":{"footnotes":""},"categories":[7],"tags":[],"class_list":["post-290925","post","type-post","status-publish","format-standard","has-post-thumbnail","hentry","category-automobile-magazine"],"_links":{"self":[{"href":"https:\/\/www.evearly.news\/fr\/wp-json\/wp\/v2\/posts\/290925","targetHints":{"allow":["GET"]}}],"collection":[{"href":"https:\/\/www.evearly.news\/fr\/wp-json\/wp\/v2\/posts"}],"about":[{"href":"https:\/\/www.evearly.news\/fr\/wp-json\/wp\/v2\/types\/post"}],"author":[{"embeddable":true,"href":"https:\/\/www.evearly.news\/fr\/wp-json\/wp\/v2\/users\/7"}],"replies":[{"embeddable":true,"href":"https:\/\/www.evearly.news\/fr\/wp-json\/wp\/v2\/comments?post=290925"}],"version-history":[{"count":0,"href":"https:\/\/www.evearly.news\/fr\/wp-json\/wp\/v2\/posts\/290925\/revisions"}],"wp:featuredmedia":[{"embeddable":true,"href":"https:\/\/www.evearly.news\/fr\/wp-json\/wp\/v2\/media\/290926"}],"wp:attachment":[{"href":"https:\/\/www.evearly.news\/fr\/wp-json\/wp\/v2\/media?parent=290925"}],"wp:term":[{"taxonomy":"category","embeddable":true,"href":"https:\/\/www.evearly.news\/fr\/wp-json\/wp\/v2\/categories?post=290925"},{"taxonomy":"post_tag","embeddable":true,"href":"https:\/\/www.evearly.news\/fr\/wp-json\/wp\/v2\/tags?post=290925"}],"curies":[{"name":"wp","href":"https:\/\/api.w.org\/{rel}","templated":true}]}}