{"id":290931,"date":"2024-11-09T19:51:56","date_gmt":"2024-11-09T18:51:56","guid":{"rendered":"https:\/\/www.evearly.news\/fr\/apres-byd-a-leuro-2024-le-constructeur-chinois-nio-devient-le-partenaire-officiel-de-la-cop29\/"},"modified":"2024-11-09T19:51:56","modified_gmt":"2024-11-09T18:51:56","slug":"apres-byd-a-leuro-2024-le-constructeur-chinois-nio-devient-le-partenaire-officiel-de-la-cop29","status":"publish","type":"post","link":"https:\/\/www.evearly.news\/fr\/apres-byd-a-leuro-2024-le-constructeur-chinois-nio-devient-le-partenaire-officiel-de-la-cop29\/","title":{"rendered":"Apr\u00e8s BYD \u00e0 l\u2019Euro 2024, le constructeur chinois Nio devient le partenaire officiel de la COP29"},"content":{"rendered":"<p><img decoding=\"async\" width=\"500\" height=\"333\" src=\"https:\/\/www.evearly.news\/fr\/wp-content\/uploads\/sites\/6\/2024\/11\/apres-byd-a-leuro-2024-le-constructeur-chinois-nio-devient-le-partenaire-officiel-de-la-cop29.jpg\" class=\"attachment-1200x800 size-1200x800 wp-post-image\" alt=\"\" loading=\"lazy\" srcset=\"https:\/\/www.evearly.news\/fr\/wp-content\/uploads\/sites\/6\/2024\/11\/apres-byd-a-leuro-2024-le-constructeur-chinois-nio-devient-le-partenaire-officiel-de-la-cop29.jpg 1920w, https:\/\/www.evearly.news\/fr\/wp-content\/uploads\/sites\/6\/2024\/11\/apres-byd-a-leuro-2024-le-constructeur-chinois-nio-devient-le-partenaire-officiel-de-la-cop29-1.jpg 1640w, https:\/\/www.evearly.news\/fr\/wp-content\/uploads\/sites\/6\/2024\/11\/apres-byd-a-leuro-2024-le-constructeur-chinois-nio-devient-le-partenaire-officiel-de-la-cop29-2.jpg 1024w, https:\/\/www.evearly.news\/fr\/wp-content\/uploads\/sites\/6\/2024\/11\/apres-byd-a-leuro-2024-le-constructeur-chinois-nio-devient-le-partenaire-officiel-de-la-cop29-3.jpg 768w, https:\/\/www.evearly.news\/fr\/wp-content\/uploads\/sites\/6\/2024\/11\/apres-byd-a-leuro-2024-le-constructeur-chinois-nio-devient-le-partenaire-officiel-de-la-cop29-4.jpg 1536w, https:\/\/cdn.automobile-propre.com\/uploads\/2024\/11\/nio-cop29-2024-620x349.jpg 620w\" sizes=\"auto, (max-width: 1200px) 100vw, 1200px\" \/><br \/>\nLes constructeurs chinois cherchent \u00e0 gagner en visibilit\u00e9. Pour cela, rien de tel que de participer aux grands \u00e9v\u00e9nements m\u00e9diatis\u00e9s.\u2026\u00a0<a href=\"https:\/\/www.automobile-propre.com\/articles\/apres-byd-a-leuro-2024-nio-devient-le-partenaire-officiel-de-la-cop29-en-azerbaidjan\/\" target='bwindow' rel=\"noopener\">Lire la suite&#8230;<\/a><\/p>\n","protected":false},"excerpt":{"rendered":"<p>&#8230; <a class=\"continue-reading-link\" href=\"https:\/\/www.evearly.news\/fr\/apres-byd-a-leuro-2024-le-constructeur-chinois-nio-devient-le-partenaire-officiel-de-la-cop29\/\"><\/a><\/p>\n","protected":false},"author":8,"featured_media":290932,"comment_status":"closed","ping_status":"open","sticky":false,"template":"Default","format":"standard","meta":{"footnotes":""},"categories":[8],"tags":[],"class_list":["post-290931","post","type-post","status-publish","format-standard","has-post-thumbnail","hentry","category-automobile-propre"],"_links":{"self":[{"href":"https:\/\/www.evearly.news\/fr\/wp-json\/wp\/v2\/posts\/290931","targetHints":{"allow":["GET"]}}],"collection":[{"href":"https:\/\/www.evearly.news\/fr\/wp-json\/wp\/v2\/posts"}],"about":[{"href":"https:\/\/www.evearly.news\/fr\/wp-json\/wp\/v2\/types\/post"}],"author":[{"embeddable":true,"href":"https:\/\/www.evearly.news\/fr\/wp-json\/wp\/v2\/users\/8"}],"replies":[{"embeddable":true,"href":"https:\/\/www.evearly.news\/fr\/wp-json\/wp\/v2\/comments?post=290931"}],"version-history":[{"count":0,"href":"https:\/\/www.evearly.news\/fr\/wp-json\/wp\/v2\/posts\/290931\/revisions"}],"wp:featuredmedia":[{"embeddable":true,"href":"https:\/\/www.evearly.news\/fr\/wp-json\/wp\/v2\/media\/290932"}],"wp:attachment":[{"href":"https:\/\/www.evearly.news\/fr\/wp-json\/wp\/v2\/media?parent=290931"}],"wp:term":[{"taxonomy":"category","embeddable":true,"href":"https:\/\/www.evearly.news\/fr\/wp-json\/wp\/v2\/categories?post=290931"},{"taxonomy":"post_tag","embeddable":true,"href":"https:\/\/www.evearly.news\/fr\/wp-json\/wp\/v2\/tags?post=290931"}],"curies":[{"name":"wp","href":"https:\/\/api.w.org\/{rel}","templated":true}]}}