{"id":291065,"date":"2024-11-12T20:21:29","date_gmt":"2024-11-12T19:21:29","guid":{"rendered":"https:\/\/www.evearly.news\/fr\/pour-sa-voiture-electrique-la-marque-nationale-saoudienne-sassocie-a-rimac\/"},"modified":"2024-11-12T20:21:29","modified_gmt":"2024-11-12T19:21:29","slug":"pour-sa-voiture-electrique-la-marque-nationale-saoudienne-sassocie-a-rimac","status":"publish","type":"post","link":"https:\/\/www.evearly.news\/fr\/pour-sa-voiture-electrique-la-marque-nationale-saoudienne-sassocie-a-rimac\/","title":{"rendered":"Pour sa voiture \u00e9lectrique, la marque nationale saoudienne s\u2019associe \u00e0 Rimac"},"content":{"rendered":"<p><img loading=\"lazy\" decoding=\"async\" width=\"500\" height=\"333\" src=\"https:\/\/www.evearly.news\/fr\/wp-content\/uploads\/sites\/6\/2024\/11\/pour-sa-voiture-electrique-la-marque-nationale-saoudienne-sassocie-a-rimac.jpg\" class=\"attachment-1200x800 size-1200x800 wp-post-image\" alt=\"Rimac et Ceer - Mate Rimac et James DeLuca\" srcset=\"https:\/\/www.evearly.news\/fr\/wp-content\/uploads\/sites\/6\/2024\/11\/pour-sa-voiture-electrique-la-marque-nationale-saoudienne-sassocie-a-rimac.jpg 800w, https:\/\/www.evearly.news\/fr\/wp-content\/uploads\/sites\/6\/2024\/11\/pour-sa-voiture-electrique-la-marque-nationale-saoudienne-sassocie-a-rimac-1.jpg 768w, https:\/\/cdn.automobile-propre.com\/uploads\/2024\/11\/Rimac-Ceer-557x413.jpg 557w\" sizes=\"auto, (max-width: 800px) 100vw, 800px\" \/><br \/>\nLe projet de marque nationale saoudienne progresse \u00e0 grands pas avec un nouveau partenariat. Ceer fait ainsi appel \u00e0 Rimac pour la propulsion de ses futures voitures \u00e9lectriques.\u00a0<a href=\"https:\/\/www.automobile-propre.com\/breves\/pour-sa-voiture-electrique-la-marque-nationale-saoudienne-sassocie-a-rimac\/\" target='bwindow' rel=\"noopener\">Lire la suite&#8230;<\/a><\/p>\n","protected":false},"excerpt":{"rendered":"<p>&#8230; <a class=\"continue-reading-link\" href=\"https:\/\/www.evearly.news\/fr\/pour-sa-voiture-electrique-la-marque-nationale-saoudienne-sassocie-a-rimac\/\"><\/a><\/p>\n","protected":false},"author":8,"featured_media":291066,"comment_status":"closed","ping_status":"open","sticky":false,"template":"Default","format":"standard","meta":{"footnotes":""},"categories":[8],"tags":[],"class_list":["post-291065","post","type-post","status-publish","format-standard","has-post-thumbnail","hentry","category-automobile-propre"],"_links":{"self":[{"href":"https:\/\/www.evearly.news\/fr\/wp-json\/wp\/v2\/posts\/291065","targetHints":{"allow":["GET"]}}],"collection":[{"href":"https:\/\/www.evearly.news\/fr\/wp-json\/wp\/v2\/posts"}],"about":[{"href":"https:\/\/www.evearly.news\/fr\/wp-json\/wp\/v2\/types\/post"}],"author":[{"embeddable":true,"href":"https:\/\/www.evearly.news\/fr\/wp-json\/wp\/v2\/users\/8"}],"replies":[{"embeddable":true,"href":"https:\/\/www.evearly.news\/fr\/wp-json\/wp\/v2\/comments?post=291065"}],"version-history":[{"count":0,"href":"https:\/\/www.evearly.news\/fr\/wp-json\/wp\/v2\/posts\/291065\/revisions"}],"wp:featuredmedia":[{"embeddable":true,"href":"https:\/\/www.evearly.news\/fr\/wp-json\/wp\/v2\/media\/291066"}],"wp:attachment":[{"href":"https:\/\/www.evearly.news\/fr\/wp-json\/wp\/v2\/media?parent=291065"}],"wp:term":[{"taxonomy":"category","embeddable":true,"href":"https:\/\/www.evearly.news\/fr\/wp-json\/wp\/v2\/categories?post=291065"},{"taxonomy":"post_tag","embeddable":true,"href":"https:\/\/www.evearly.news\/fr\/wp-json\/wp\/v2\/tags?post=291065"}],"curies":[{"name":"wp","href":"https:\/\/api.w.org\/{rel}","templated":true}]}}