{"id":291071,"date":"2024-11-13T08:25:19","date_gmt":"2024-11-13T07:25:19","guid":{"rendered":"https:\/\/www.evearly.news\/fr\/ford-fait-comme-fiat-a-cause-des-voitures-electriques-la-marque-va-devoir-baisser-sa-production\/"},"modified":"2024-11-13T08:25:19","modified_gmt":"2024-11-13T07:25:19","slug":"ford-fait-comme-fiat-a-cause-des-voitures-electriques-la-marque-va-devoir-baisser-sa-production","status":"publish","type":"post","link":"https:\/\/www.evearly.news\/fr\/ford-fait-comme-fiat-a-cause-des-voitures-electriques-la-marque-va-devoir-baisser-sa-production\/","title":{"rendered":"Ford fait comme Fiat : \u00e0 cause des voitures \u00e9lectriques, la marque va devoir baisser sa production"},"content":{"rendered":"<div class=\"media_block\"><img decoding=\"async\" src=\"https:\/\/www.evearly.news\/fr\/wp-content\/uploads\/sites\/6\/2024\/11\/ford-fait-comme-fiat-a-cause-des-voitures-electriques-la-marque-va-devoir-baisser-sa-production.jpg\"><\/div>\n<p>Face \u00e0 la baisse de la demande des voitures \u00e9lectriques, Ford a d\u00e9cid\u00e9 de passer son usine de Cologne en ch\u00f4mage partiel jusqu&rsquo;\u00e0 la fin d&rsquo;ann\u00e9e. Elle produit notamment le nouveau SUV Explorer. <a href=\"https:\/\/www.automobile-magazine.fr\/voitures-electriques\/article\/45480-ford-fait-comme-fiat-a-cause-des-voitures-electriques-la-marque-va-devoir-baisser-sa-production\" target='bwindow' rel=\"noopener\">Lire la suite&#8230;<\/a><\/p>\n","protected":false},"excerpt":{"rendered":"<div class=\"media_block\"><img decoding=\"async\" src=\"https:\/\/www.evearly.news\/fr\/wp-content\/uploads\/sites\/6\/2024\/11\/ford-fait-comme-fiat-a-cause-des-voitures-electriques-la-marque-va-devoir-baisser-sa-production.jpg\"><\/div>\n<p> <a class=\"continue-reading-link\" href=\"https:\/\/www.evearly.news\/fr\/ford-fait-comme-fiat-a-cause-des-voitures-electriques-la-marque-va-devoir-baisser-sa-production\/\"><\/a><\/p>\n","protected":false},"author":7,"featured_media":291072,"comment_status":"closed","ping_status":"open","sticky":false,"template":"Default","format":"standard","meta":{"footnotes":""},"categories":[7],"tags":[],"class_list":["post-291071","post","type-post","status-publish","format-standard","has-post-thumbnail","hentry","category-automobile-magazine"],"_links":{"self":[{"href":"https:\/\/www.evearly.news\/fr\/wp-json\/wp\/v2\/posts\/291071","targetHints":{"allow":["GET"]}}],"collection":[{"href":"https:\/\/www.evearly.news\/fr\/wp-json\/wp\/v2\/posts"}],"about":[{"href":"https:\/\/www.evearly.news\/fr\/wp-json\/wp\/v2\/types\/post"}],"author":[{"embeddable":true,"href":"https:\/\/www.evearly.news\/fr\/wp-json\/wp\/v2\/users\/7"}],"replies":[{"embeddable":true,"href":"https:\/\/www.evearly.news\/fr\/wp-json\/wp\/v2\/comments?post=291071"}],"version-history":[{"count":0,"href":"https:\/\/www.evearly.news\/fr\/wp-json\/wp\/v2\/posts\/291071\/revisions"}],"wp:featuredmedia":[{"embeddable":true,"href":"https:\/\/www.evearly.news\/fr\/wp-json\/wp\/v2\/media\/291072"}],"wp:attachment":[{"href":"https:\/\/www.evearly.news\/fr\/wp-json\/wp\/v2\/media?parent=291071"}],"wp:term":[{"taxonomy":"category","embeddable":true,"href":"https:\/\/www.evearly.news\/fr\/wp-json\/wp\/v2\/categories?post=291071"},{"taxonomy":"post_tag","embeddable":true,"href":"https:\/\/www.evearly.news\/fr\/wp-json\/wp\/v2\/tags?post=291071"}],"curies":[{"name":"wp","href":"https:\/\/api.w.org\/{rel}","templated":true}]}}