{"id":291273,"date":"2024-11-15T19:21:28","date_gmt":"2024-11-15T18:21:28","guid":{"rendered":"https:\/\/www.evearly.news\/fr\/geely-pourrait-fusionner-zeekr-et-lynkco\/"},"modified":"2024-11-15T19:21:28","modified_gmt":"2024-11-15T18:21:28","slug":"geely-pourrait-fusionner-zeekr-et-lynkco","status":"publish","type":"post","link":"https:\/\/www.evearly.news\/fr\/geely-pourrait-fusionner-zeekr-et-lynkco\/","title":{"rendered":"Geely pourrait fusionner Zeekr et Lynk&amp;Co"},"content":{"rendered":"<p><img loading=\"lazy\" decoding=\"async\" width=\"500\" height=\"333\" src=\"https:\/\/www.evearly.news\/fr\/wp-content\/uploads\/sites\/6\/2024\/11\/geely-pourrait-fusionner-zeekr-et-lynkco.jpg\" class=\"attachment-1200x800 size-1200x800 wp-post-image\" alt=\"Lynk&#038;Co Z10\" srcset=\"https:\/\/www.evearly.news\/fr\/wp-content\/uploads\/sites\/6\/2024\/11\/geely-pourrait-fusionner-zeekr-et-lynkco.jpg 1400w, https:\/\/www.evearly.news\/fr\/wp-content\/uploads\/sites\/6\/2024\/11\/geely-pourrait-fusionner-zeekr-et-lynkco-1.jpg 1024w, https:\/\/www.evearly.news\/fr\/wp-content\/uploads\/sites\/6\/2024\/11\/geely-pourrait-fusionner-zeekr-et-lynkco-2.jpg 140w, https:\/\/www.evearly.news\/fr\/wp-content\/uploads\/sites\/6\/2024\/11\/geely-pourrait-fusionner-zeekr-et-lynkco-3.jpg 768w, https:\/\/www.evearly.news\/fr\/wp-content\/uploads\/sites\/6\/2024\/11\/geely-pourrait-fusionner-zeekr-et-lynkco-4.jpg 620w, https:\/\/www.evearly.news\/fr\/wp-content\/uploads\/sites\/6\/2024\/11\/geely-pourrait-fusionner-zeekr-et-lynkco-5.jpg 100w, https:\/\/www.evearly.news\/fr\/wp-content\/uploads\/sites\/6\/2024\/11\/geely-pourrait-fusionner-zeekr-et-lynkco-6.jpg 190w, https:\/\/cdn.automobile-propre.com\/uploads\/2024\/06\/LynkCo_Z10_09-600x400.jpg 600w\" sizes=\"auto, (max-width: 1200px) 100vw, 1200px\" \/><br \/>\nLe groupe chinois a rachet\u00e9 ou cr\u00e9\u00e9 de nombreuses marques ces derni\u00e8res ann\u00e9es. Une d&rsquo;entre elles pourrait prochainement dispara\u00eetre. Lynk&#038;Co va ainsi \u00eatre int\u00e9gr\u00e9e \u00e0 Zeekr.\u00a0<a href=\"https:\/\/www.automobile-propre.com\/breves\/geely-pourrait-fusionner-zeekr-et-lynkco\/\" target='bwindow' rel=\"noopener\">Lire la suite&#8230;<\/a><\/p>\n","protected":false},"excerpt":{"rendered":"<p>&#8230; <a class=\"continue-reading-link\" href=\"https:\/\/www.evearly.news\/fr\/geely-pourrait-fusionner-zeekr-et-lynkco\/\"><\/a><\/p>\n","protected":false},"author":8,"featured_media":291274,"comment_status":"closed","ping_status":"open","sticky":false,"template":"Default","format":"standard","meta":{"footnotes":""},"categories":[8],"tags":[],"class_list":["post-291273","post","type-post","status-publish","format-standard","has-post-thumbnail","hentry","category-automobile-propre"],"_links":{"self":[{"href":"https:\/\/www.evearly.news\/fr\/wp-json\/wp\/v2\/posts\/291273","targetHints":{"allow":["GET"]}}],"collection":[{"href":"https:\/\/www.evearly.news\/fr\/wp-json\/wp\/v2\/posts"}],"about":[{"href":"https:\/\/www.evearly.news\/fr\/wp-json\/wp\/v2\/types\/post"}],"author":[{"embeddable":true,"href":"https:\/\/www.evearly.news\/fr\/wp-json\/wp\/v2\/users\/8"}],"replies":[{"embeddable":true,"href":"https:\/\/www.evearly.news\/fr\/wp-json\/wp\/v2\/comments?post=291273"}],"version-history":[{"count":0,"href":"https:\/\/www.evearly.news\/fr\/wp-json\/wp\/v2\/posts\/291273\/revisions"}],"wp:featuredmedia":[{"embeddable":true,"href":"https:\/\/www.evearly.news\/fr\/wp-json\/wp\/v2\/media\/291274"}],"wp:attachment":[{"href":"https:\/\/www.evearly.news\/fr\/wp-json\/wp\/v2\/media?parent=291273"}],"wp:term":[{"taxonomy":"category","embeddable":true,"href":"https:\/\/www.evearly.news\/fr\/wp-json\/wp\/v2\/categories?post=291273"},{"taxonomy":"post_tag","embeddable":true,"href":"https:\/\/www.evearly.news\/fr\/wp-json\/wp\/v2\/tags?post=291273"}],"curies":[{"name":"wp","href":"https:\/\/api.w.org\/{rel}","templated":true}]}}