{"id":291563,"date":"2024-11-21T11:21:51","date_gmt":"2024-11-21T10:21:51","guid":{"rendered":"https:\/\/www.evearly.news\/fr\/on-connait-deja-le-look-et-lautonomie-du-nouveau-suv-de-ds\/"},"modified":"2024-11-21T11:21:51","modified_gmt":"2024-11-21T10:21:51","slug":"on-connait-deja-le-look-et-lautonomie-du-nouveau-suv-de-ds","status":"publish","type":"post","link":"https:\/\/www.evearly.news\/fr\/on-connait-deja-le-look-et-lautonomie-du-nouveau-suv-de-ds\/","title":{"rendered":"On conna\u00eet d\u00e9j\u00e0 le look et l\u2019autonomie du nouveau SUV de DS"},"content":{"rendered":"<p><img decoding=\"async\" src=\"https:\/\/www.evearly.news\/fr\/wp-content\/uploads\/sites\/6\/2024\/11\/on-connait-deja-le-look-et-lautonomie-du-nouveau-suv-de-ds.webp\" alt=\"auto-moto\"><br \/>DS annonce l\u2019arriv\u00e9e de son nouveau SUV \u00e9lectrique et lance une grande campagne de communication pour celui qu\u2019on nomme pour le moment DS 8. Il sillonnera les routes fran\u00e7aises sous une l\u00e9g\u00e8re couche de camouflage dor\u00e9 avant sa pr\u00e9sentation d\u2019ici la fin d\u2019ann\u00e9e. <a href=https:\/\/www.auto-moto.com\/electrique\/on-connait-deja-le-look-et-l-autonomie-du-nouveau-suv-de-ds-49878 target=blank>Lire la suite&#8230;<\/a><\/p>\n","protected":false},"excerpt":{"rendered":"<p>DS annonce l\u2019arriv\u00e9e de son nouveau SUV \u00e9lectrique et lance une grande campagne de communication pour celui qu\u2019on nomme pour le moment DS 8. Il sillonnera les routes fran\u00e7aises sous une l\u00e9g\u00e8re couche de camouflage dor\u00e9 avant sa pr\u00e9sentation d\u2019ici la fin d\u2019ann\u00e9e&#8230;. <a class=\"continue-reading-link\" href=\"https:\/\/www.evearly.news\/fr\/on-connait-deja-le-look-et-lautonomie-du-nouveau-suv-de-ds\/\"><\/a><\/p>\n","protected":false},"author":9,"featured_media":291564,"comment_status":"closed","ping_status":"open","sticky":false,"template":"Default","format":"standard","meta":{"footnotes":""},"categories":[10],"tags":[],"class_list":["post-291563","post","type-post","status-publish","format-standard","has-post-thumbnail","hentry","category-auto-moto-com"],"_links":{"self":[{"href":"https:\/\/www.evearly.news\/fr\/wp-json\/wp\/v2\/posts\/291563","targetHints":{"allow":["GET"]}}],"collection":[{"href":"https:\/\/www.evearly.news\/fr\/wp-json\/wp\/v2\/posts"}],"about":[{"href":"https:\/\/www.evearly.news\/fr\/wp-json\/wp\/v2\/types\/post"}],"author":[{"embeddable":true,"href":"https:\/\/www.evearly.news\/fr\/wp-json\/wp\/v2\/users\/9"}],"replies":[{"embeddable":true,"href":"https:\/\/www.evearly.news\/fr\/wp-json\/wp\/v2\/comments?post=291563"}],"version-history":[{"count":0,"href":"https:\/\/www.evearly.news\/fr\/wp-json\/wp\/v2\/posts\/291563\/revisions"}],"wp:featuredmedia":[{"embeddable":true,"href":"https:\/\/www.evearly.news\/fr\/wp-json\/wp\/v2\/media\/291564"}],"wp:attachment":[{"href":"https:\/\/www.evearly.news\/fr\/wp-json\/wp\/v2\/media?parent=291563"}],"wp:term":[{"taxonomy":"category","embeddable":true,"href":"https:\/\/www.evearly.news\/fr\/wp-json\/wp\/v2\/categories?post=291563"},{"taxonomy":"post_tag","embeddable":true,"href":"https:\/\/www.evearly.news\/fr\/wp-json\/wp\/v2\/tags?post=291563"}],"curies":[{"name":"wp","href":"https:\/\/api.w.org\/{rel}","templated":true}]}}