{"id":291625,"date":"2024-11-22T09:23:36","date_gmt":"2024-11-22T08:23:36","guid":{"rendered":"https:\/\/www.evearly.news\/fr\/comment-conduire-sur-la-neige-avec-une-voiture-electrique\/"},"modified":"2024-11-22T09:23:36","modified_gmt":"2024-11-22T08:23:36","slug":"comment-conduire-sur-la-neige-avec-une-voiture-electrique","status":"publish","type":"post","link":"https:\/\/www.evearly.news\/fr\/comment-conduire-sur-la-neige-avec-une-voiture-electrique\/","title":{"rendered":"Comment conduire sur la neige avec une voiture \u00e9lectrique\u00a0?"},"content":{"rendered":"<p><img width=\"1500\" height=\"1000\" src=\"https:\/\/www.evearly.news\/fr\/wp-content\/uploads\/sites\/6\/2024\/11\/comment-conduire-sur-la-neige-avec-une-voiture-electrique.jpg\" class=\"attachment-full size-full wp-post-image\" alt=\"Tesla Hiver\" decoding=\"async\" loading=\"lazy\" srcset=\"https:\/\/www.evearly.news\/fr\/wp-content\/uploads\/sites\/6\/2024\/11\/comment-conduire-sur-la-neige-avec-une-voiture-electrique.jpg 1500w, https:\/\/www.evearly.news\/fr\/wp-content\/uploads\/sites\/6\/2024\/11\/comment-conduire-sur-la-neige-avec-une-voiture-electrique-1.jpg 504w, https:\/\/www.evearly.news\/fr\/wp-content\/uploads\/sites\/6\/2024\/11\/comment-conduire-sur-la-neige-avec-une-voiture-electrique-2.jpg 1024w, https:\/\/www.evearly.news\/fr\/wp-content\/uploads\/sites\/6\/2024\/11\/comment-conduire-sur-la-neige-avec-une-voiture-electrique-3.jpg 50w, https:\/\/www.evearly.news\/fr\/wp-content\/uploads\/sites\/6\/2024\/11\/comment-conduire-sur-la-neige-avec-une-voiture-electrique-4.jpg 336w, https:\/\/www.evearly.news\/fr\/wp-content\/uploads\/sites\/6\/2024\/11\/comment-conduire-sur-la-neige-avec-une-voiture-electrique-5.jpg 1400w, https:\/\/www.evearly.news\/fr\/wp-content\/uploads\/sites\/6\/2024\/11\/comment-conduire-sur-la-neige-avec-une-voiture-electrique-6.jpg 680w, https:\/\/www.presse-citron.net\/app\/uploads\/2024\/11\/Tesla-hiver-896x597.jpg 896w\" sizes=\"auto, (max-width: 1500px) 100vw, 1500px\"><\/p>\n<p>L\u2019hiver approche et avec lui son lot de d\u00e9fis pour les conducteurs de voitures \u00e9lectriques. Entre autonomie r\u00e9duite et conditions de route difficiles, voici les conseils essentiels pour rouler sereinement sous la neige avec votre v\u00e9hicule \u00e9lectrique.<a href=\"https:\/\/www.presse-citron.net\/comment-conduire-sur-la-neige-avec-une-voiture-electrique\/\" target=blank> Lire la suite&#8230;<\/a><\/p>\n","protected":false},"excerpt":{"rendered":"<p>L\u2019hiver approche et avec lui son lot de d\u00e9fis pour les conducteurs de voitures \u00e9lectriques. Entre autonomie r\u00e9duite et conditions de route difficiles, voici les conseils essentiels pour rouler sereinement sous la neige avec votre v\u00e9hicule \u00e9lectrique&#8230;. <a class=\"continue-reading-link\" href=\"https:\/\/www.evearly.news\/fr\/comment-conduire-sur-la-neige-avec-une-voiture-electrique\/\"><\/a><\/p>\n","protected":false},"author":18,"featured_media":291626,"comment_status":"closed","ping_status":"open","sticky":false,"template":"Default","format":"standard","meta":{"footnotes":""},"categories":[19],"tags":[],"class_list":["post-291625","post","type-post","status-publish","format-standard","has-post-thumbnail","hentry","category-presse-citron"],"_links":{"self":[{"href":"https:\/\/www.evearly.news\/fr\/wp-json\/wp\/v2\/posts\/291625","targetHints":{"allow":["GET"]}}],"collection":[{"href":"https:\/\/www.evearly.news\/fr\/wp-json\/wp\/v2\/posts"}],"about":[{"href":"https:\/\/www.evearly.news\/fr\/wp-json\/wp\/v2\/types\/post"}],"author":[{"embeddable":true,"href":"https:\/\/www.evearly.news\/fr\/wp-json\/wp\/v2\/users\/18"}],"replies":[{"embeddable":true,"href":"https:\/\/www.evearly.news\/fr\/wp-json\/wp\/v2\/comments?post=291625"}],"version-history":[{"count":0,"href":"https:\/\/www.evearly.news\/fr\/wp-json\/wp\/v2\/posts\/291625\/revisions"}],"wp:featuredmedia":[{"embeddable":true,"href":"https:\/\/www.evearly.news\/fr\/wp-json\/wp\/v2\/media\/291626"}],"wp:attachment":[{"href":"https:\/\/www.evearly.news\/fr\/wp-json\/wp\/v2\/media?parent=291625"}],"wp:term":[{"taxonomy":"category","embeddable":true,"href":"https:\/\/www.evearly.news\/fr\/wp-json\/wp\/v2\/categories?post=291625"},{"taxonomy":"post_tag","embeddable":true,"href":"https:\/\/www.evearly.news\/fr\/wp-json\/wp\/v2\/tags?post=291625"}],"curies":[{"name":"wp","href":"https:\/\/api.w.org\/{rel}","templated":true}]}}