{"id":291627,"date":"2024-11-22T09:51:22","date_gmt":"2024-11-22T08:51:22","guid":{"rendered":"https:\/\/www.evearly.news\/fr\/kia-devoile-lev9-gt-une-version-sportive-de-son-grand-suv-electrique\/"},"modified":"2024-11-22T09:51:22","modified_gmt":"2024-11-22T08:51:22","slug":"kia-devoile-lev9-gt-une-version-sportive-de-son-grand-suv-electrique","status":"publish","type":"post","link":"https:\/\/www.evearly.news\/fr\/kia-devoile-lev9-gt-une-version-sportive-de-son-grand-suv-electrique\/","title":{"rendered":"Kia d\u00e9voile l\u2019EV9 GT, une version sportive de son grand SUV \u00e9lectrique"},"content":{"rendered":"<p><img decoding=\"async\" width=\"500\" height=\"333\" src=\"https:\/\/www.evearly.news\/fr\/wp-content\/uploads\/sites\/6\/2024\/11\/kia-devoile-lev9-gt-une-version-sportive-de-son-grand-suv-electrique.jpg\" class=\"attachment-1200x800 size-1200x800 wp-post-image\" alt=\"\" loading=\"lazy\" srcset=\"https:\/\/www.evearly.news\/fr\/wp-content\/uploads\/sites\/6\/2024\/11\/kia-devoile-lev9-gt-une-version-sportive-de-son-grand-suv-electrique.jpg 1350w, https:\/\/www.evearly.news\/fr\/wp-content\/uploads\/sites\/6\/2024\/11\/kia-devoile-lev9-gt-une-version-sportive-de-son-grand-suv-electrique-1.jpg 1024w, https:\/\/www.evearly.news\/fr\/wp-content\/uploads\/sites\/6\/2024\/11\/kia-devoile-lev9-gt-une-version-sportive-de-son-grand-suv-electrique-2.jpg 140w, https:\/\/www.evearly.news\/fr\/wp-content\/uploads\/sites\/6\/2024\/11\/kia-devoile-lev9-gt-une-version-sportive-de-son-grand-suv-electrique-3.jpg 768w, https:\/\/www.evearly.news\/fr\/wp-content\/uploads\/sites\/6\/2024\/11\/kia-devoile-lev9-gt-une-version-sportive-de-son-grand-suv-electrique-4.jpg 620w, https:\/\/www.evearly.news\/fr\/wp-content\/uploads\/sites\/6\/2024\/11\/kia-devoile-lev9-gt-une-version-sportive-de-son-grand-suv-electrique-5.jpg 100w, https:\/\/www.evearly.news\/fr\/wp-content\/uploads\/sites\/6\/2024\/11\/kia-devoile-lev9-gt-une-version-sportive-de-son-grand-suv-electrique-6.jpg 190w, https:\/\/cdn.automobile-propre.com\/uploads\/2024\/11\/22791_2026_EV9_GT-600x400.jpg 600w\" sizes=\"auto, (max-width: 1200px) 100vw, 1200px\" \/><br \/>\nAttendu depuis quelques mois, le Kia EV9 GT est l\u00e0 ! Cette nouvelle version sportive du grand SUV \u00e9lectrique sud-cor\u00e9en\u2026\u00a0<a href=https:\/\/www.automobile-propre.com\/articles\/salon-de-los-angeles-kia-devoile-lev9-gt-une-nouvelle-version-de-son-grand-suv-electrique-avec-501-ch\/ target='bwindow'>Lire la suite&#8230;<\/a><\/p>\n","protected":false},"excerpt":{"rendered":"<p>&#8230; <a class=\"continue-reading-link\" href=\"https:\/\/www.evearly.news\/fr\/kia-devoile-lev9-gt-une-version-sportive-de-son-grand-suv-electrique\/\"><\/a><\/p>\n","protected":false},"author":8,"featured_media":291628,"comment_status":"closed","ping_status":"open","sticky":false,"template":"Default","format":"standard","meta":{"footnotes":""},"categories":[8],"tags":[],"class_list":["post-291627","post","type-post","status-publish","format-standard","has-post-thumbnail","hentry","category-automobile-propre"],"_links":{"self":[{"href":"https:\/\/www.evearly.news\/fr\/wp-json\/wp\/v2\/posts\/291627","targetHints":{"allow":["GET"]}}],"collection":[{"href":"https:\/\/www.evearly.news\/fr\/wp-json\/wp\/v2\/posts"}],"about":[{"href":"https:\/\/www.evearly.news\/fr\/wp-json\/wp\/v2\/types\/post"}],"author":[{"embeddable":true,"href":"https:\/\/www.evearly.news\/fr\/wp-json\/wp\/v2\/users\/8"}],"replies":[{"embeddable":true,"href":"https:\/\/www.evearly.news\/fr\/wp-json\/wp\/v2\/comments?post=291627"}],"version-history":[{"count":0,"href":"https:\/\/www.evearly.news\/fr\/wp-json\/wp\/v2\/posts\/291627\/revisions"}],"wp:featuredmedia":[{"embeddable":true,"href":"https:\/\/www.evearly.news\/fr\/wp-json\/wp\/v2\/media\/291628"}],"wp:attachment":[{"href":"https:\/\/www.evearly.news\/fr\/wp-json\/wp\/v2\/media?parent=291627"}],"wp:term":[{"taxonomy":"category","embeddable":true,"href":"https:\/\/www.evearly.news\/fr\/wp-json\/wp\/v2\/categories?post=291627"},{"taxonomy":"post_tag","embeddable":true,"href":"https:\/\/www.evearly.news\/fr\/wp-json\/wp\/v2\/tags?post=291627"}],"curies":[{"name":"wp","href":"https:\/\/api.w.org\/{rel}","templated":true}]}}