{"id":291687,"date":"2024-11-22T19:22:44","date_gmt":"2024-11-22T18:22:44","guid":{"rendered":"https:\/\/www.evearly.news\/fr\/nio-confirme-le-nom-de-sa-troisieme-marque-electrique-qui-sera-presentee-fin-decembre\/"},"modified":"2024-11-22T19:22:44","modified_gmt":"2024-11-22T18:22:44","slug":"nio-confirme-le-nom-de-sa-troisieme-marque-electrique-qui-sera-presentee-fin-decembre","status":"publish","type":"post","link":"https:\/\/www.evearly.news\/fr\/nio-confirme-le-nom-de-sa-troisieme-marque-electrique-qui-sera-presentee-fin-decembre\/","title":{"rendered":"Nio confirme le nom de sa troisi\u00e8me marque \u00e9lectrique qui sera pr\u00e9sent\u00e9e fin d\u00e9cembre"},"content":{"rendered":"<p><img loading=\"lazy\" decoding=\"async\" width=\"500\" height=\"333\" src=\"https:\/\/www.evearly.news\/fr\/wp-content\/uploads\/sites\/6\/2024\/11\/nio-confirme-le-nom-de-sa-troisieme-marque-electrique-qui-sera-presentee-fin-decembre.jpg\" class=\"attachment-1200x800 size-1200x800 wp-post-image\" alt=\"NIO Firefly\" srcset=\"https:\/\/www.evearly.news\/fr\/wp-content\/uploads\/sites\/6\/2024\/11\/nio-confirme-le-nom-de-sa-troisieme-marque-electrique-qui-sera-presentee-fin-decembre.jpg 1892w, https:\/\/www.evearly.news\/fr\/wp-content\/uploads\/sites\/6\/2024\/11\/nio-confirme-le-nom-de-sa-troisieme-marque-electrique-qui-sera-presentee-fin-decembre-1.jpg 1640w, https:\/\/www.evearly.news\/fr\/wp-content\/uploads\/sites\/6\/2024\/11\/nio-confirme-le-nom-de-sa-troisieme-marque-electrique-qui-sera-presentee-fin-decembre-2.jpg 1024w, https:\/\/www.evearly.news\/fr\/wp-content\/uploads\/sites\/6\/2024\/11\/nio-confirme-le-nom-de-sa-troisieme-marque-electrique-qui-sera-presentee-fin-decembre-3.jpg 768w, https:\/\/www.evearly.news\/fr\/wp-content\/uploads\/sites\/6\/2024\/11\/nio-confirme-le-nom-de-sa-troisieme-marque-electrique-qui-sera-presentee-fin-decembre-4.jpg 1536w, https:\/\/cdn.automobile-propre.com\/uploads\/2024\/11\/Firefly-620x349.jpg 620w\" sizes=\"auto, (max-width: 1200px) 100vw, 1200px\" \/><br \/>\nNio sera bient\u00f4t \u00e0 la t\u00eate d&rsquo;un portefeuille de trois marques. Dans la foul\u00e9e de Onvo qui vient d&rsquo;arriver sur le march\u00e9 chinois, le premier v\u00e9hicule du projet Firefly sera pr\u00e9sent\u00e9 en fin d&rsquo;ann\u00e9e.\u00a0<a href=https:\/\/www.automobile-propre.com\/breves\/nio-confirme-le-nom-de-sa-troisieme-marque-electrique-qui-sera-presentee-fin-decembre\/ target='bwindow'>Lire la suite&#8230;<\/a><\/p>\n","protected":false},"excerpt":{"rendered":"<p>&#8230; <a class=\"continue-reading-link\" href=\"https:\/\/www.evearly.news\/fr\/nio-confirme-le-nom-de-sa-troisieme-marque-electrique-qui-sera-presentee-fin-decembre\/\"><\/a><\/p>\n","protected":false},"author":8,"featured_media":291688,"comment_status":"closed","ping_status":"open","sticky":false,"template":"Default","format":"standard","meta":{"footnotes":""},"categories":[8],"tags":[],"class_list":["post-291687","post","type-post","status-publish","format-standard","has-post-thumbnail","hentry","category-automobile-propre"],"_links":{"self":[{"href":"https:\/\/www.evearly.news\/fr\/wp-json\/wp\/v2\/posts\/291687","targetHints":{"allow":["GET"]}}],"collection":[{"href":"https:\/\/www.evearly.news\/fr\/wp-json\/wp\/v2\/posts"}],"about":[{"href":"https:\/\/www.evearly.news\/fr\/wp-json\/wp\/v2\/types\/post"}],"author":[{"embeddable":true,"href":"https:\/\/www.evearly.news\/fr\/wp-json\/wp\/v2\/users\/8"}],"replies":[{"embeddable":true,"href":"https:\/\/www.evearly.news\/fr\/wp-json\/wp\/v2\/comments?post=291687"}],"version-history":[{"count":0,"href":"https:\/\/www.evearly.news\/fr\/wp-json\/wp\/v2\/posts\/291687\/revisions"}],"wp:featuredmedia":[{"embeddable":true,"href":"https:\/\/www.evearly.news\/fr\/wp-json\/wp\/v2\/media\/291688"}],"wp:attachment":[{"href":"https:\/\/www.evearly.news\/fr\/wp-json\/wp\/v2\/media?parent=291687"}],"wp:term":[{"taxonomy":"category","embeddable":true,"href":"https:\/\/www.evearly.news\/fr\/wp-json\/wp\/v2\/categories?post=291687"},{"taxonomy":"post_tag","embeddable":true,"href":"https:\/\/www.evearly.news\/fr\/wp-json\/wp\/v2\/tags?post=291687"}],"curies":[{"name":"wp","href":"https:\/\/api.w.org\/{rel}","templated":true}]}}