{"id":292125,"date":"2024-11-30T11:20:23","date_gmt":"2024-11-30T10:20:23","guid":{"rendered":"https:\/\/www.evearly.news\/fr\/les-nouvelles-batteries-blade-de-byd-arriveront-en-2025\/"},"modified":"2024-11-30T11:20:23","modified_gmt":"2024-11-30T10:20:23","slug":"les-nouvelles-batteries-blade-de-byd-arriveront-en-2025","status":"publish","type":"post","link":"https:\/\/www.evearly.news\/fr\/les-nouvelles-batteries-blade-de-byd-arriveront-en-2025\/","title":{"rendered":"Les nouvelles batteries Blade de BYD arriveront en 2025"},"content":{"rendered":"<p><img decoding=\"async\" src=\"https:\/\/www.evearly.news\/fr\/wp-content\/uploads\/sites\/6\/2024\/11\/les-nouvelles-batteries-blade-de-byd-arriveront-en-2025.webp\" alt=\"insideevs\"><br \/>C&rsquo;est ce qu&rsquo;a confirm\u00e9 un porte-parole de l&rsquo;entreprise lors de la COP29 \u00e0 Bakou, o\u00f9 l&rsquo;entreprise \u00e9tait pr\u00e9sente en tant que sponsor technique. <a href=https:\/\/insideevs.fr\/news\/742694\/nouvelle-batterie-blade-byd-2025\/ target=_blank>Lire la suite&#8230;<\/a><\/p>\n","protected":false},"excerpt":{"rendered":"<p><img decoding=\"async\" src=\"https:\/\/www.evearly.news\/fr\/wp-content\/uploads\/sites\/6\/2024\/11\/les-nouvelles-batteries-blade-de-byd-arriveront-en-2025.webp\" alt=\"insideevs\"><br \/>C&rsquo;est ce qu&rsquo;a confirm\u00e9 un porte-parole de l&rsquo;entreprise lors de la COP29 \u00e0 Bakou, o\u00f9 l&rsquo;entreprise \u00e9tait pr\u00e9sente en tant que sponsor technique.<\/p>\n<p> <a class=\"continue-reading-link\" href=\"https:\/\/www.evearly.news\/fr\/les-nouvelles-batteries-blade-de-byd-arriveront-en-2025\/\"><\/a><\/p>\n","protected":false},"author":14,"featured_media":292126,"comment_status":"closed","ping_status":"open","sticky":false,"template":"Default","format":"standard","meta":{"footnotes":""},"categories":[15],"tags":[],"class_list":["post-292125","post","type-post","status-publish","format-standard","has-post-thumbnail","hentry","category-insideevs"],"_links":{"self":[{"href":"https:\/\/www.evearly.news\/fr\/wp-json\/wp\/v2\/posts\/292125","targetHints":{"allow":["GET"]}}],"collection":[{"href":"https:\/\/www.evearly.news\/fr\/wp-json\/wp\/v2\/posts"}],"about":[{"href":"https:\/\/www.evearly.news\/fr\/wp-json\/wp\/v2\/types\/post"}],"author":[{"embeddable":true,"href":"https:\/\/www.evearly.news\/fr\/wp-json\/wp\/v2\/users\/14"}],"replies":[{"embeddable":true,"href":"https:\/\/www.evearly.news\/fr\/wp-json\/wp\/v2\/comments?post=292125"}],"version-history":[{"count":0,"href":"https:\/\/www.evearly.news\/fr\/wp-json\/wp\/v2\/posts\/292125\/revisions"}],"wp:featuredmedia":[{"embeddable":true,"href":"https:\/\/www.evearly.news\/fr\/wp-json\/wp\/v2\/media\/292126"}],"wp:attachment":[{"href":"https:\/\/www.evearly.news\/fr\/wp-json\/wp\/v2\/media?parent=292125"}],"wp:term":[{"taxonomy":"category","embeddable":true,"href":"https:\/\/www.evearly.news\/fr\/wp-json\/wp\/v2\/categories?post=292125"},{"taxonomy":"post_tag","embeddable":true,"href":"https:\/\/www.evearly.news\/fr\/wp-json\/wp\/v2\/tags?post=292125"}],"curies":[{"name":"wp","href":"https:\/\/api.w.org\/{rel}","templated":true}]}}