{"id":292157,"date":"2024-12-01T10:59:34","date_gmt":"2024-12-01T09:59:34","guid":{"rendered":"https:\/\/www.evearly.news\/fr\/jai-roule-1-an-en-tesla-model-y-4-lecons-sur-laventure-de-la-voiture-electrique\/"},"modified":"2024-12-01T10:59:34","modified_gmt":"2024-12-01T09:59:34","slug":"jai-roule-1-an-en-tesla-model-y-4-lecons-sur-laventure-de-la-voiture-electrique","status":"publish","type":"post","link":"https:\/\/www.evearly.news\/fr\/jai-roule-1-an-en-tesla-model-y-4-lecons-sur-laventure-de-la-voiture-electrique\/","title":{"rendered":"J\u2019ai roul\u00e9 1 an en Tesla Model Y\u00a0: 4 le\u00e7ons sur l\u2019aventure de la voiture \u00e9lectrique"},"content":{"rendered":"<p><img width=\"1500\" height=\"1000\" src=\"https:\/\/www.evearly.news\/fr\/wp-content\/uploads\/sites\/6\/2024\/12\/jai-roule-1-an-en-tesla-model-y-4-lecons-sur-laventure-de-la-voiture-electrique.jpg\" class=\"attachment-full size-full wp-post-image\" alt=\"Un An Tesla Model Y Design\" decoding=\"async\" loading=\"lazy\" srcset=\"https:\/\/www.evearly.news\/fr\/wp-content\/uploads\/sites\/6\/2024\/12\/jai-roule-1-an-en-tesla-model-y-4-lecons-sur-laventure-de-la-voiture-electrique.jpg 1500w, https:\/\/www.evearly.news\/fr\/wp-content\/uploads\/sites\/6\/2024\/12\/jai-roule-1-an-en-tesla-model-y-4-lecons-sur-laventure-de-la-voiture-electrique-1.jpg 504w, https:\/\/www.evearly.news\/fr\/wp-content\/uploads\/sites\/6\/2024\/12\/jai-roule-1-an-en-tesla-model-y-4-lecons-sur-laventure-de-la-voiture-electrique-2.jpg 1024w, https:\/\/www.evearly.news\/fr\/wp-content\/uploads\/sites\/6\/2024\/12\/jai-roule-1-an-en-tesla-model-y-4-lecons-sur-laventure-de-la-voiture-electrique-3.jpg 50w, https:\/\/www.evearly.news\/fr\/wp-content\/uploads\/sites\/6\/2024\/12\/jai-roule-1-an-en-tesla-model-y-4-lecons-sur-laventure-de-la-voiture-electrique-4.jpg 336w, https:\/\/www.evearly.news\/fr\/wp-content\/uploads\/sites\/6\/2024\/12\/jai-roule-1-an-en-tesla-model-y-4-lecons-sur-laventure-de-la-voiture-electrique-5.jpg 1400w, https:\/\/www.evearly.news\/fr\/wp-content\/uploads\/sites\/6\/2024\/12\/jai-roule-1-an-en-tesla-model-y-4-lecons-sur-laventure-de-la-voiture-electrique-6.jpg 680w, https:\/\/www.presse-citron.net\/app\/uploads\/2024\/11\/un-an-tesla-model-y-design-896x597.jpg 896w\" sizes=\"auto, (max-width: 1500px) 100vw, 1500px\"><\/p>\n<p>En novembre 2023, je d\u00e9cidais de franchir le pas : j\u2019allais troquer ma voiture thermique contre une \u00e9lectrique. J\u2019ai opt\u00e9 pour la Tesla Model Y, v\u00e9hicule \u00e9lectrique le plus vendu en France. Voici 4 le\u00e7ons que j\u2019ai tir\u00e9 apr\u00e8s un an d\u2019exp\u00e9rience.<a href=\"https:\/\/www.presse-citron.net\/jai-roule-1-an-en-tesla-model-y-4-lecons-sur-laventure-de-la-voiture-electrique\/\" target=blank> Lire la suite&#8230;<\/a><\/p>\n","protected":false},"excerpt":{"rendered":"<p>En novembre 2023, je d\u00e9cidais de franchir le pas : j\u2019allais troquer ma voiture thermique contre une \u00e9lectrique. J\u2019ai opt\u00e9 pour la Tesla Model Y, v\u00e9hicule \u00e9lectrique le plus vendu en France. Voici 4 le\u00e7ons que j\u2019ai tir\u00e9 apr\u00e8s un an d\u2019exp\u00e9rience&#8230;. <a class=\"continue-reading-link\" href=\"https:\/\/www.evearly.news\/fr\/jai-roule-1-an-en-tesla-model-y-4-lecons-sur-laventure-de-la-voiture-electrique\/\"><\/a><\/p>\n","protected":false},"author":18,"featured_media":292158,"comment_status":"closed","ping_status":"open","sticky":false,"template":"Default","format":"standard","meta":{"footnotes":""},"categories":[19],"tags":[],"class_list":["post-292157","post","type-post","status-publish","format-standard","has-post-thumbnail","hentry","category-presse-citron"],"_links":{"self":[{"href":"https:\/\/www.evearly.news\/fr\/wp-json\/wp\/v2\/posts\/292157","targetHints":{"allow":["GET"]}}],"collection":[{"href":"https:\/\/www.evearly.news\/fr\/wp-json\/wp\/v2\/posts"}],"about":[{"href":"https:\/\/www.evearly.news\/fr\/wp-json\/wp\/v2\/types\/post"}],"author":[{"embeddable":true,"href":"https:\/\/www.evearly.news\/fr\/wp-json\/wp\/v2\/users\/18"}],"replies":[{"embeddable":true,"href":"https:\/\/www.evearly.news\/fr\/wp-json\/wp\/v2\/comments?post=292157"}],"version-history":[{"count":0,"href":"https:\/\/www.evearly.news\/fr\/wp-json\/wp\/v2\/posts\/292157\/revisions"}],"wp:featuredmedia":[{"embeddable":true,"href":"https:\/\/www.evearly.news\/fr\/wp-json\/wp\/v2\/media\/292158"}],"wp:attachment":[{"href":"https:\/\/www.evearly.news\/fr\/wp-json\/wp\/v2\/media?parent=292157"}],"wp:term":[{"taxonomy":"category","embeddable":true,"href":"https:\/\/www.evearly.news\/fr\/wp-json\/wp\/v2\/categories?post=292157"},{"taxonomy":"post_tag","embeddable":true,"href":"https:\/\/www.evearly.news\/fr\/wp-json\/wp\/v2\/tags?post=292157"}],"curies":[{"name":"wp","href":"https:\/\/api.w.org\/{rel}","templated":true}]}}