{"id":292161,"date":"2024-12-01T12:51:26","date_gmt":"2024-12-01T11:51:26","guid":{"rendered":"https:\/\/www.evearly.news\/fr\/decouvrez-comment-mercedes-veut-revolutionner-le-freinage-sur-ses-voitures-electriques\/"},"modified":"2024-12-01T12:51:26","modified_gmt":"2024-12-01T11:51:26","slug":"decouvrez-comment-mercedes-veut-revolutionner-le-freinage-sur-ses-voitures-electriques","status":"publish","type":"post","link":"https:\/\/www.evearly.news\/fr\/decouvrez-comment-mercedes-veut-revolutionner-le-freinage-sur-ses-voitures-electriques\/","title":{"rendered":"D\u00e9couvrez comment Mercedes veut r\u00e9volutionner le freinage sur ses voitures \u00e9lectriques"},"content":{"rendered":"<p><img decoding=\"async\" width=\"500\" height=\"333\" src=\"https:\/\/www.evearly.news\/fr\/wp-content\/uploads\/sites\/6\/2024\/12\/decouvrez-comment-mercedes-veut-revolutionner-le-freinage-sur-ses-voitures-electriques.jpg\" class=\"attachment-1200x800 size-1200x800 wp-post-image\" alt=\"\" loading=\"lazy\" srcset=\"https:\/\/www.evearly.news\/fr\/wp-content\/uploads\/sites\/6\/2024\/12\/decouvrez-comment-mercedes-veut-revolutionner-le-freinage-sur-ses-voitures-electriques.jpg 1620w, https:\/\/www.evearly.news\/fr\/wp-content\/uploads\/sites\/6\/2024\/12\/decouvrez-comment-mercedes-veut-revolutionner-le-freinage-sur-ses-voitures-electriques-1.jpg 1024w, https:\/\/www.evearly.news\/fr\/wp-content\/uploads\/sites\/6\/2024\/12\/decouvrez-comment-mercedes-veut-revolutionner-le-freinage-sur-ses-voitures-electriques-2.jpg 768w, https:\/\/www.evearly.news\/fr\/wp-content\/uploads\/sites\/6\/2024\/12\/decouvrez-comment-mercedes-veut-revolutionner-le-freinage-sur-ses-voitures-electriques-3.jpg 1536w, https:\/\/cdn.automobile-propre.com\/uploads\/2024\/11\/Mercedes-freins-dans-le-moteur-531x413.jpg 531w\" sizes=\"auto, (max-width: 1029px) 100vw, 1029px\" \/><br \/>\nMalgr\u00e9 une certaine frilosit\u00e9 face \u00e0 la voiture \u00e9lectrique, Mercedes travaille d&rsquo;arrache-pied sur cette technologie. Le constructeur allemand veut mettre\u2026\u00a0<a href=https:\/\/www.automobile-propre.com\/articles\/decouvrez-comment-mercedes-veut-revolutionner-le-freinage-sur-ses-voitures-electriques\/ target='bwindow'>Lire la suite&#8230;<\/a><\/p>\n","protected":false},"excerpt":{"rendered":"<p>&#8230; <a class=\"continue-reading-link\" href=\"https:\/\/www.evearly.news\/fr\/decouvrez-comment-mercedes-veut-revolutionner-le-freinage-sur-ses-voitures-electriques\/\"><\/a><\/p>\n","protected":false},"author":8,"featured_media":292162,"comment_status":"closed","ping_status":"open","sticky":false,"template":"Default","format":"standard","meta":{"footnotes":""},"categories":[8],"tags":[],"class_list":["post-292161","post","type-post","status-publish","format-standard","has-post-thumbnail","hentry","category-automobile-propre"],"_links":{"self":[{"href":"https:\/\/www.evearly.news\/fr\/wp-json\/wp\/v2\/posts\/292161","targetHints":{"allow":["GET"]}}],"collection":[{"href":"https:\/\/www.evearly.news\/fr\/wp-json\/wp\/v2\/posts"}],"about":[{"href":"https:\/\/www.evearly.news\/fr\/wp-json\/wp\/v2\/types\/post"}],"author":[{"embeddable":true,"href":"https:\/\/www.evearly.news\/fr\/wp-json\/wp\/v2\/users\/8"}],"replies":[{"embeddable":true,"href":"https:\/\/www.evearly.news\/fr\/wp-json\/wp\/v2\/comments?post=292161"}],"version-history":[{"count":0,"href":"https:\/\/www.evearly.news\/fr\/wp-json\/wp\/v2\/posts\/292161\/revisions"}],"wp:featuredmedia":[{"embeddable":true,"href":"https:\/\/www.evearly.news\/fr\/wp-json\/wp\/v2\/media\/292162"}],"wp:attachment":[{"href":"https:\/\/www.evearly.news\/fr\/wp-json\/wp\/v2\/media?parent=292161"}],"wp:term":[{"taxonomy":"category","embeddable":true,"href":"https:\/\/www.evearly.news\/fr\/wp-json\/wp\/v2\/categories?post=292161"},{"taxonomy":"post_tag","embeddable":true,"href":"https:\/\/www.evearly.news\/fr\/wp-json\/wp\/v2\/tags?post=292161"}],"curies":[{"name":"wp","href":"https:\/\/api.w.org\/{rel}","templated":true}]}}