{"id":292165,"date":"2024-12-01T15:21:26","date_gmt":"2024-12-01T14:21:26","guid":{"rendered":"https:\/\/www.evearly.news\/fr\/cupra-cap-sur-le-marche-americain\/"},"modified":"2024-12-01T15:21:26","modified_gmt":"2024-12-01T14:21:26","slug":"cupra-cap-sur-le-marche-americain","status":"publish","type":"post","link":"https:\/\/www.evearly.news\/fr\/cupra-cap-sur-le-marche-americain\/","title":{"rendered":"Cupra : cap sur le march\u00e9 am\u00e9ricain !"},"content":{"rendered":"<p><img decoding=\"async\" width=\"500\" height=\"333\" src=\"https:\/\/www.evearly.news\/fr\/wp-content\/uploads\/sites\/6\/2024\/12\/cupra-cap-sur-le-marche-americain.webp\" class=\"attachment-1200x800 size-1200x800 wp-post-image\" alt=\"\" loading=\"lazy\" srcset=\"https:\/\/www.evearly.news\/fr\/wp-content\/uploads\/sites\/6\/2024\/12\/cupra-cap-sur-le-marche-americain.webp 1536w, https:\/\/www.evearly.news\/fr\/wp-content\/uploads\/sites\/6\/2024\/12\/cupra-cap-sur-le-marche-americain-1.webp 1640w, https:\/\/www.evearly.news\/fr\/wp-content\/uploads\/sites\/6\/2024\/12\/cupra-cap-sur-le-marche-americain-2.webp 1024w, https:\/\/www.evearly.news\/fr\/wp-content\/uploads\/sites\/6\/2024\/12\/cupra-cap-sur-le-marche-americain-3.webp 140w, https:\/\/www.evearly.news\/fr\/wp-content\/uploads\/sites\/6\/2024\/12\/cupra-cap-sur-le-marche-americain-4.webp 768w, https:\/\/www.evearly.news\/fr\/wp-content\/uploads\/sites\/6\/2024\/12\/cupra-cap-sur-le-marche-americain-5.webp 2048w, https:\/\/www.evearly.news\/fr\/wp-content\/uploads\/sites\/6\/2024\/12\/cupra-cap-sur-le-marche-americain-6.webp 620w, https:\/\/www.evearly.news\/fr\/wp-content\/uploads\/sites\/6\/2024\/12\/cupra-cap-sur-le-marche-americain-7.webp 100w, https:\/\/www.evearly.news\/fr\/wp-content\/uploads\/sites\/6\/2024\/12\/cupra-cap-sur-le-marche-americain-8.webp 190w, https:\/\/cdn.automobile-propre.com\/uploads\/2024\/11\/CUPRA-in-preliminary-talks-with-Penske-Automotive-Group-ahead-of-entering-the-US-market-by-2030_01_HQ-600x400.webp 600w\" sizes=\"auto, (max-width: 1200px) 100vw, 1200px\" \/><br \/>\nLa marque espagnole Cupra, connue pour sa croissance fulgurante depuis sa cr\u00e9ation en 2018, a d\u00e9j\u00e0 vendu 750 000 voitures\u2026\u00a0<a href=https:\/\/www.automobile-propre.com\/articles\/cupra-cap-sur-le-marche-americain\/ target='bwindow'>Lire la suite&#8230;<\/a><\/p>\n","protected":false},"excerpt":{"rendered":"<p>&#8230; <a class=\"continue-reading-link\" href=\"https:\/\/www.evearly.news\/fr\/cupra-cap-sur-le-marche-americain\/\"><\/a><\/p>\n","protected":false},"author":8,"featured_media":292166,"comment_status":"closed","ping_status":"open","sticky":false,"template":"Default","format":"standard","meta":{"footnotes":""},"categories":[8],"tags":[],"class_list":["post-292165","post","type-post","status-publish","format-standard","has-post-thumbnail","hentry","category-automobile-propre"],"_links":{"self":[{"href":"https:\/\/www.evearly.news\/fr\/wp-json\/wp\/v2\/posts\/292165","targetHints":{"allow":["GET"]}}],"collection":[{"href":"https:\/\/www.evearly.news\/fr\/wp-json\/wp\/v2\/posts"}],"about":[{"href":"https:\/\/www.evearly.news\/fr\/wp-json\/wp\/v2\/types\/post"}],"author":[{"embeddable":true,"href":"https:\/\/www.evearly.news\/fr\/wp-json\/wp\/v2\/users\/8"}],"replies":[{"embeddable":true,"href":"https:\/\/www.evearly.news\/fr\/wp-json\/wp\/v2\/comments?post=292165"}],"version-history":[{"count":0,"href":"https:\/\/www.evearly.news\/fr\/wp-json\/wp\/v2\/posts\/292165\/revisions"}],"wp:featuredmedia":[{"embeddable":true,"href":"https:\/\/www.evearly.news\/fr\/wp-json\/wp\/v2\/media\/292166"}],"wp:attachment":[{"href":"https:\/\/www.evearly.news\/fr\/wp-json\/wp\/v2\/media?parent=292165"}],"wp:term":[{"taxonomy":"category","embeddable":true,"href":"https:\/\/www.evearly.news\/fr\/wp-json\/wp\/v2\/categories?post=292165"},{"taxonomy":"post_tag","embeddable":true,"href":"https:\/\/www.evearly.news\/fr\/wp-json\/wp\/v2\/tags?post=292165"}],"curies":[{"name":"wp","href":"https:\/\/api.w.org\/{rel}","templated":true}]}}