{"id":292237,"date":"2024-12-02T11:05:38","date_gmt":"2024-12-02T10:05:38","guid":{"rendered":"https:\/\/www.evearly.news\/fr\/tesla-phone-pourquoi-elon-musk-ne-veut-pas-dun-smartphone-tesla\/"},"modified":"2024-12-02T11:05:38","modified_gmt":"2024-12-02T10:05:38","slug":"tesla-phone-pourquoi-elon-musk-ne-veut-pas-dun-smartphone-tesla","status":"publish","type":"post","link":"https:\/\/www.evearly.news\/fr\/tesla-phone-pourquoi-elon-musk-ne-veut-pas-dun-smartphone-tesla\/","title":{"rendered":"Tesla Phone : pourquoi Elon Musk ne veut pas d\u2019un smartphone Tesla"},"content":{"rendered":"<p><img width=\"1200\" height=\"800\" src=\"https:\/\/www.evearly.news\/fr\/wp-content\/uploads\/sites\/6\/2024\/12\/tesla-phone-pourquoi-elon-musk-ne-veut-pas-dun-smartphone-tesla.jpg\" class=\"attachment-large size-large wp-post-image\" alt=\"\" decoding=\"async\" loading=\"lazy\" \/<br \/>\nApr\u00e8s PayPal, Tesla, SpaceX, Starlink et, plus r\u00e9cemment, la politique, une rumeur attribuait un nouveau domaine d&rsquo;activit\u00e9 \u00e0 Elon Musk : les smartphones, avec l&rsquo;hypoth\u00e9tique t\u00e9l\u00e9phone Tesla. Mais, malheureusement, cette rumeur \u00e9tait fausse, comme l&rsquo;a confirm\u00e9 Elon Musk lui-m\u00eame !<br \/>\n <a href=https:\/\/www.frandroid.com\/marques\/tesla\/2425064_tesla-phone-pourquoi-elon-musk-ne-veut-pas-dun-smartphone-tesla target='bwindow'>Lire la suite&#8230;<\/a><\/p>\n","protected":false},"excerpt":{"rendered":"<p>&lt;img width=&quot;1200&quot; height=&quot;800&quot; src=&quot;https:\/\/www.evearly.news\/fr\/wp-content\/uploads\/sites\/6\/2024\/12\/tesla-phone-pourquoi-elon-musk-ne-veut-pas-dun-smartphone-tesla.jpg&quot; class=&quot;attachment-large size-large wp-post-image&quot; alt=&quot;&quot; decoding=&quot;async&quot; loading=&quot;lazy&quot; \/<br \/>\nApr\u00e8s PayPal, Tesla, SpaceX, Starlink et, plus r\u00e9cemment, la politique, une rumeur attribuait un nouveau domaine d&rsquo;activit\u00e9 \u00e0 Elon Musk : les smartphones, avec l&rsquo;hypoth\u00e9tique t\u00e9l\u00e9phone Tesla. Mais, malheureusement, cette rumeur \u00e9tait fausse, comme l&rsquo;a confirm\u00e9 Elon Musk lui-m\u00eame !\n<\/p>\n<p> <a class=\"continue-reading-link\" href=\"https:\/\/www.evearly.news\/fr\/tesla-phone-pourquoi-elon-musk-ne-veut-pas-dun-smartphone-tesla\/\"><\/a><\/p>\n","protected":false},"author":6,"featured_media":292238,"comment_status":"closed","ping_status":"open","sticky":false,"template":"Default","format":"standard","meta":{"footnotes":""},"categories":[14],"tags":[122],"class_list":["post-292237","post","type-post","status-publish","format-standard","has-post-thumbnail","hentry","category-frandroid","tag-tesla-phone"],"_links":{"self":[{"href":"https:\/\/www.evearly.news\/fr\/wp-json\/wp\/v2\/posts\/292237","targetHints":{"allow":["GET"]}}],"collection":[{"href":"https:\/\/www.evearly.news\/fr\/wp-json\/wp\/v2\/posts"}],"about":[{"href":"https:\/\/www.evearly.news\/fr\/wp-json\/wp\/v2\/types\/post"}],"author":[{"embeddable":true,"href":"https:\/\/www.evearly.news\/fr\/wp-json\/wp\/v2\/users\/6"}],"replies":[{"embeddable":true,"href":"https:\/\/www.evearly.news\/fr\/wp-json\/wp\/v2\/comments?post=292237"}],"version-history":[{"count":0,"href":"https:\/\/www.evearly.news\/fr\/wp-json\/wp\/v2\/posts\/292237\/revisions"}],"wp:featuredmedia":[{"embeddable":true,"href":"https:\/\/www.evearly.news\/fr\/wp-json\/wp\/v2\/media\/292238"}],"wp:attachment":[{"href":"https:\/\/www.evearly.news\/fr\/wp-json\/wp\/v2\/media?parent=292237"}],"wp:term":[{"taxonomy":"category","embeddable":true,"href":"https:\/\/www.evearly.news\/fr\/wp-json\/wp\/v2\/categories?post=292237"},{"taxonomy":"post_tag","embeddable":true,"href":"https:\/\/www.evearly.news\/fr\/wp-json\/wp\/v2\/tags?post=292237"}],"curies":[{"name":"wp","href":"https:\/\/api.w.org\/{rel}","templated":true}]}}