{"id":292239,"date":"2024-12-02T11:05:56","date_gmt":"2024-12-02T10:05:56","guid":{"rendered":"https:\/\/www.evearly.news\/fr\/je-nai-jamais-vu-ca-ici-pourquoi-le-probleme-de-stock-de-volkswagen-nest-pas-uniquement-la-faute-des-voitures-electriques\/"},"modified":"2024-12-02T11:05:56","modified_gmt":"2024-12-02T10:05:56","slug":"je-nai-jamais-vu-ca-ici-pourquoi-le-probleme-de-stock-de-volkswagen-nest-pas-uniquement-la-faute-des-voitures-electriques","status":"publish","type":"post","link":"https:\/\/www.evearly.news\/fr\/je-nai-jamais-vu-ca-ici-pourquoi-le-probleme-de-stock-de-volkswagen-nest-pas-uniquement-la-faute-des-voitures-electriques\/","title":{"rendered":"\u00ab Je n\u2019ai jamais vu \u00e7a ici \u00bb : pourquoi le probl\u00e8me de stock de Volkswagen n\u2019est pas (uniquement) la faute des voitures \u00e9lectriques"},"content":{"rendered":"<p><img width=\"1200\" height=\"800\" src=\"https:\/\/www.evearly.news\/fr\/wp-content\/uploads\/sites\/6\/2024\/12\/je-nai-jamais-vu-ca-ici-pourquoi-le-probleme-de-stock-de-volkswagen-nest-pas-uniquement-la-faute-des-voitures-electriques.jpg\" class=\"attachment-large size-large wp-post-image\" alt=\"\" decoding=\"async\" loading=\"lazy\" \/<br \/>\nDepuis plusieurs mois, Volkswagen fait grise mine et \u00e0 la marque peine \u00e0 vendre ses voitures. Et si les stocks grossissent de plus en plus et ont du mal \u00e0 se vider, ce n\u2019est pas forc\u00e9ment la faute de ses voitures \u00e9lectriques.<br \/>\n <a href=https:\/\/www.frandroid.com\/marques\/volkswagen\/2425728_je-nai-jamais-vu-ca-ici-pourquoi-le-probleme-de-stock-de-volkswagen-nest-pas-uniquement-la-faute-des-voitures-electriques target='bwindow'>Lire la suite&#8230;<\/a><\/p>\n","protected":false},"excerpt":{"rendered":"<p>&lt;img width=&quot;1200&quot; height=&quot;800&quot; src=&quot;https:\/\/www.evearly.news\/fr\/wp-content\/uploads\/sites\/6\/2024\/12\/je-nai-jamais-vu-ca-ici-pourquoi-le-probleme-de-stock-de-volkswagen-nest-pas-uniquement-la-faute-des-voitures-electriques.jpg&quot; class=&quot;attachment-large size-large wp-post-image&quot; alt=&quot;&quot; decoding=&quot;async&quot; loading=&quot;lazy&quot; \/<br \/>\nDepuis plusieurs mois, Volkswagen fait grise mine et \u00e0 la marque peine \u00e0 vendre ses voitures. Et si les stocks grossissent de plus en plus et ont du mal \u00e0 se vider, ce n\u2019est pas forc\u00e9ment la faute de ses voitures \u00e9lectriques.\n<\/p>\n<p> <a class=\"continue-reading-link\" href=\"https:\/\/www.evearly.news\/fr\/je-nai-jamais-vu-ca-ici-pourquoi-le-probleme-de-stock-de-volkswagen-nest-pas-uniquement-la-faute-des-voitures-electriques\/\"><\/a><\/p>\n","protected":false},"author":6,"featured_media":292240,"comment_status":"closed","ping_status":"open","sticky":false,"template":"Default","format":"standard","meta":{"footnotes":""},"categories":[14],"tags":[],"class_list":["post-292239","post","type-post","status-publish","format-standard","has-post-thumbnail","hentry","category-frandroid"],"_links":{"self":[{"href":"https:\/\/www.evearly.news\/fr\/wp-json\/wp\/v2\/posts\/292239","targetHints":{"allow":["GET"]}}],"collection":[{"href":"https:\/\/www.evearly.news\/fr\/wp-json\/wp\/v2\/posts"}],"about":[{"href":"https:\/\/www.evearly.news\/fr\/wp-json\/wp\/v2\/types\/post"}],"author":[{"embeddable":true,"href":"https:\/\/www.evearly.news\/fr\/wp-json\/wp\/v2\/users\/6"}],"replies":[{"embeddable":true,"href":"https:\/\/www.evearly.news\/fr\/wp-json\/wp\/v2\/comments?post=292239"}],"version-history":[{"count":0,"href":"https:\/\/www.evearly.news\/fr\/wp-json\/wp\/v2\/posts\/292239\/revisions"}],"wp:featuredmedia":[{"embeddable":true,"href":"https:\/\/www.evearly.news\/fr\/wp-json\/wp\/v2\/media\/292240"}],"wp:attachment":[{"href":"https:\/\/www.evearly.news\/fr\/wp-json\/wp\/v2\/media?parent=292239"}],"wp:term":[{"taxonomy":"category","embeddable":true,"href":"https:\/\/www.evearly.news\/fr\/wp-json\/wp\/v2\/categories?post=292239"},{"taxonomy":"post_tag","embeddable":true,"href":"https:\/\/www.evearly.news\/fr\/wp-json\/wp\/v2\/tags?post=292239"}],"curies":[{"name":"wp","href":"https:\/\/api.w.org\/{rel}","templated":true}]}}