{"id":292245,"date":"2024-12-02T12:29:49","date_gmt":"2024-12-02T11:29:49","guid":{"rendered":"https:\/\/www.evearly.news\/fr\/bmw-prouve-a-son-tour-que-recycler-les-batteries-de-voitures-electriques-nest-pas-un-probleme-avec-ce-procede-revolutionnaire\/"},"modified":"2024-12-02T12:29:49","modified_gmt":"2024-12-02T11:29:49","slug":"bmw-prouve-a-son-tour-que-recycler-les-batteries-de-voitures-electriques-nest-pas-un-probleme-avec-ce-procede-revolutionnaire","status":"publish","type":"post","link":"https:\/\/www.evearly.news\/fr\/bmw-prouve-a-son-tour-que-recycler-les-batteries-de-voitures-electriques-nest-pas-un-probleme-avec-ce-procede-revolutionnaire\/","title":{"rendered":"BMW prouve \u00e0 son tour que recycler les batteries de voitures \u00e9lectriques n\u2019est pas un probl\u00e8me avec ce proc\u00e9d\u00e9 r\u00e9volutionnaire"},"content":{"rendered":"<p><img width=\"1200\" height=\"800\" src=\"https:\/\/www.evearly.news\/fr\/wp-content\/uploads\/sites\/6\/2024\/12\/bmw-prouve-a-son-tour-que-recycler-les-batteries-de-voitures-electriques-nest-pas-un-probleme-avec-ce-procede-revolutionnaire.jpg\" class=\"attachment-large size-large wp-post-image\" alt=\"\" decoding=\"async\" loading=\"lazy\" \/<br \/>\nLe constructeur allemand BMW annonce l\u2019ouverture d\u2019un centre d\u00e9di\u00e9 au recyclage des batteries de voitures \u00e9lectriques. Il pr\u00e9voit notamment d\u2019y d\u00e9velopper un processus in\u00e9dit, baptis\u00e9 \u00ab\u00a0recyclage direct\u00a0\u00bb. On vous explique tout.<br \/>\n <a href=https:\/\/www.frandroid.com\/marques\/bmw\/2425850_bmw-prouve-a-son-tour-que-recycler-les-batteries-de-voitures-electriques-nest-pas-un-probleme-avec-ce-procede-revolutionnaire target='bwindow'>Lire la suite&#8230;<\/a><\/p>\n","protected":false},"excerpt":{"rendered":"<p>&lt;img width=&quot;1200&quot; height=&quot;800&quot; src=&quot;https:\/\/www.evearly.news\/fr\/wp-content\/uploads\/sites\/6\/2024\/12\/bmw-prouve-a-son-tour-que-recycler-les-batteries-de-voitures-electriques-nest-pas-un-probleme-avec-ce-procede-revolutionnaire.jpg&quot; class=&quot;attachment-large size-large wp-post-image&quot; alt=&quot;&quot; decoding=&quot;async&quot; loading=&quot;lazy&quot; \/<br \/>\nLe constructeur allemand BMW annonce l\u2019ouverture d\u2019un centre d\u00e9di\u00e9 au recyclage des batteries de voitures \u00e9lectriques. Il pr\u00e9voit notamment d\u2019y d\u00e9velopper un processus in\u00e9dit, baptis\u00e9 \u00ab\u00a0recyclage direct\u00a0\u00bb. On vous explique tout.\n<\/p>\n<p> <a class=\"continue-reading-link\" href=\"https:\/\/www.evearly.news\/fr\/bmw-prouve-a-son-tour-que-recycler-les-batteries-de-voitures-electriques-nest-pas-un-probleme-avec-ce-procede-revolutionnaire\/\"><\/a><\/p>\n","protected":false},"author":6,"featured_media":292246,"comment_status":"closed","ping_status":"open","sticky":false,"template":"Default","format":"standard","meta":{"footnotes":""},"categories":[14],"tags":[],"class_list":["post-292245","post","type-post","status-publish","format-standard","has-post-thumbnail","hentry","category-frandroid"],"_links":{"self":[{"href":"https:\/\/www.evearly.news\/fr\/wp-json\/wp\/v2\/posts\/292245","targetHints":{"allow":["GET"]}}],"collection":[{"href":"https:\/\/www.evearly.news\/fr\/wp-json\/wp\/v2\/posts"}],"about":[{"href":"https:\/\/www.evearly.news\/fr\/wp-json\/wp\/v2\/types\/post"}],"author":[{"embeddable":true,"href":"https:\/\/www.evearly.news\/fr\/wp-json\/wp\/v2\/users\/6"}],"replies":[{"embeddable":true,"href":"https:\/\/www.evearly.news\/fr\/wp-json\/wp\/v2\/comments?post=292245"}],"version-history":[{"count":0,"href":"https:\/\/www.evearly.news\/fr\/wp-json\/wp\/v2\/posts\/292245\/revisions"}],"wp:featuredmedia":[{"embeddable":true,"href":"https:\/\/www.evearly.news\/fr\/wp-json\/wp\/v2\/media\/292246"}],"wp:attachment":[{"href":"https:\/\/www.evearly.news\/fr\/wp-json\/wp\/v2\/media?parent=292245"}],"wp:term":[{"taxonomy":"category","embeddable":true,"href":"https:\/\/www.evearly.news\/fr\/wp-json\/wp\/v2\/categories?post=292245"},{"taxonomy":"post_tag","embeddable":true,"href":"https:\/\/www.evearly.news\/fr\/wp-json\/wp\/v2\/tags?post=292245"}],"curies":[{"name":"wp","href":"https:\/\/api.w.org\/{rel}","templated":true}]}}