{"id":292251,"date":"2024-12-02T13:25:57","date_gmt":"2024-12-02T12:25:57","guid":{"rendered":"https:\/\/www.evearly.news\/fr\/le-gendarme-de-laudiovisuel-rappelle-tf1-a-lordre-apres-plusieurs-reportages-a-charge-contre-la-voiture-electrique\/"},"modified":"2024-12-02T13:25:57","modified_gmt":"2024-12-02T12:25:57","slug":"le-gendarme-de-laudiovisuel-rappelle-tf1-a-lordre-apres-plusieurs-reportages-a-charge-contre-la-voiture-electrique","status":"publish","type":"post","link":"https:\/\/www.evearly.news\/fr\/le-gendarme-de-laudiovisuel-rappelle-tf1-a-lordre-apres-plusieurs-reportages-a-charge-contre-la-voiture-electrique\/","title":{"rendered":"Le gendarme de l\u2019audiovisuel rappelle TF1 \u00e0 l\u2019ordre apr\u00e8s plusieurs reportages \u00e0 charge contre la voiture \u00e9lectrique"},"content":{"rendered":"<p><img width=\"1200\" height=\"610\" src=\"https:\/\/www.evearly.news\/fr\/wp-content\/uploads\/sites\/6\/2024\/12\/le-gendarme-de-laudiovisuel-rappelle-tf1-a-lordre-apres-plusieurs-reportages-a-charge-contre-la-voiture-electrique.jpg\" class=\"attachment-large size-large wp-post-image\" alt=\"\" decoding=\"async\" loading=\"lazy\" \/<br \/>\nCet \u00e9t\u00e9, le JT de TF1 avait diffus\u00e9 plusieurs reportages consacr\u00e9s \u00e0 la voiture \u00e9lectrique, et notamment aux longs trajets avec cette motorisations. Des sujets qui avaient vivement fait r\u00e9agit, car truff\u00e9s d\u2019approximations. Et aujourd\u2019hui, le gendarme de l\u2019audiovisuel s\u2019en m\u00eale.<br \/>\n <a href=https:\/\/www.frandroid.com\/survoltes\/voitures-electriques\/2425740_le-gendarme-de-laudiovisuel-rappelle-tf1-a-lordre-apres-plusieurs-reportages-a-charge-contre-la-voiture-electrique target='bwindow'>Lire la suite&#8230;<\/a><\/p>\n","protected":false},"excerpt":{"rendered":"<p>&lt;img width=&quot;1200&quot; height=&quot;610&quot; src=&quot;https:\/\/www.evearly.news\/fr\/wp-content\/uploads\/sites\/6\/2024\/12\/le-gendarme-de-laudiovisuel-rappelle-tf1-a-lordre-apres-plusieurs-reportages-a-charge-contre-la-voiture-electrique.jpg&quot; class=&quot;attachment-large size-large wp-post-image&quot; alt=&quot;&quot; decoding=&quot;async&quot; loading=&quot;lazy&quot; \/<br \/>\nCet \u00e9t\u00e9, le JT de TF1 avait diffus\u00e9 plusieurs reportages consacr\u00e9s \u00e0 la voiture \u00e9lectrique, et notamment aux longs trajets avec cette motorisations. Des sujets qui avaient vivement fait r\u00e9agit, car truff\u00e9s d\u2019approximations. Et aujourd\u2019hui, le gendarme de l\u2019audiovisuel s\u2019en m\u00eale.\n<\/p>\n<p> <a class=\"continue-reading-link\" href=\"https:\/\/www.evearly.news\/fr\/le-gendarme-de-laudiovisuel-rappelle-tf1-a-lordre-apres-plusieurs-reportages-a-charge-contre-la-voiture-electrique\/\"><\/a><\/p>\n","protected":false},"author":6,"featured_media":292252,"comment_status":"closed","ping_status":"open","sticky":false,"template":"Default","format":"standard","meta":{"footnotes":""},"categories":[14],"tags":[],"class_list":["post-292251","post","type-post","status-publish","format-standard","has-post-thumbnail","hentry","category-frandroid"],"_links":{"self":[{"href":"https:\/\/www.evearly.news\/fr\/wp-json\/wp\/v2\/posts\/292251","targetHints":{"allow":["GET"]}}],"collection":[{"href":"https:\/\/www.evearly.news\/fr\/wp-json\/wp\/v2\/posts"}],"about":[{"href":"https:\/\/www.evearly.news\/fr\/wp-json\/wp\/v2\/types\/post"}],"author":[{"embeddable":true,"href":"https:\/\/www.evearly.news\/fr\/wp-json\/wp\/v2\/users\/6"}],"replies":[{"embeddable":true,"href":"https:\/\/www.evearly.news\/fr\/wp-json\/wp\/v2\/comments?post=292251"}],"version-history":[{"count":0,"href":"https:\/\/www.evearly.news\/fr\/wp-json\/wp\/v2\/posts\/292251\/revisions"}],"wp:featuredmedia":[{"embeddable":true,"href":"https:\/\/www.evearly.news\/fr\/wp-json\/wp\/v2\/media\/292252"}],"wp:attachment":[{"href":"https:\/\/www.evearly.news\/fr\/wp-json\/wp\/v2\/media?parent=292251"}],"wp:term":[{"taxonomy":"category","embeddable":true,"href":"https:\/\/www.evearly.news\/fr\/wp-json\/wp\/v2\/categories?post=292251"},{"taxonomy":"post_tag","embeddable":true,"href":"https:\/\/www.evearly.news\/fr\/wp-json\/wp\/v2\/tags?post=292251"}],"curies":[{"name":"wp","href":"https:\/\/api.w.org\/{rel}","templated":true}]}}