{"id":293024,"date":"2024-12-12T17:27:38","date_gmt":"2024-12-12T16:27:38","guid":{"rendered":"https:\/\/www.evearly.news\/fr\/un-premier-rappel-pour-le-suv-mini-aceman-et-la-nouvelle-cooper-electrique\/"},"modified":"2024-12-12T17:27:38","modified_gmt":"2024-12-12T16:27:38","slug":"un-premier-rappel-pour-le-suv-mini-aceman-et-la-nouvelle-cooper-electrique","status":"publish","type":"post","link":"https:\/\/www.evearly.news\/fr\/un-premier-rappel-pour-le-suv-mini-aceman-et-la-nouvelle-cooper-electrique\/","title":{"rendered":"Un premier rappel pour le SUV Mini Aceman et la nouvelle Cooper \u00e9lectrique"},"content":{"rendered":"<div class=\"media_block\"><img decoding=\"async\" src=\"https:\/\/www.evearly.news\/fr\/wp-content\/uploads\/sites\/6\/2024\/12\/un-premier-rappel-pour-le-suv-mini-aceman-et-la-nouvelle-cooper-electrique.jpg\"><\/div>\n<p>Tout juste arriv\u00e9 chez ses premiers clients, le nouveau Mini Aceman doit d\u00e9j\u00e0 revenir en atelier, tout comme la derni\u00e8re Cooper \u00e9lectrique. Mais le nombre d&rsquo;exemplaires concern\u00e9s en France est tr\u00e8s faible.\u00a0 <a href=https:\/\/www.automobile-magazine.fr\/fiabilite-rappels\/article\/45932-un-premier-rappel-pour-le-suv-mini-aceman-et-la-nouvelle-cooper-electrique target='bwindow'>Lire la suite&#8230;<\/a><\/p>\n","protected":false},"excerpt":{"rendered":"<div class=\"media_block\"><img decoding=\"async\" src=\"https:\/\/www.evearly.news\/fr\/wp-content\/uploads\/sites\/6\/2024\/12\/un-premier-rappel-pour-le-suv-mini-aceman-et-la-nouvelle-cooper-electrique.jpg\"><\/div>\n<p> <a class=\"continue-reading-link\" href=\"https:\/\/www.evearly.news\/fr\/un-premier-rappel-pour-le-suv-mini-aceman-et-la-nouvelle-cooper-electrique\/\"><\/a><\/p>\n","protected":false},"author":7,"featured_media":293025,"comment_status":"closed","ping_status":"open","sticky":false,"template":"Default","format":"standard","meta":{"footnotes":""},"categories":[7],"tags":[],"class_list":["post-293024","post","type-post","status-publish","format-standard","has-post-thumbnail","hentry","category-automobile-magazine"],"_links":{"self":[{"href":"https:\/\/www.evearly.news\/fr\/wp-json\/wp\/v2\/posts\/293024","targetHints":{"allow":["GET"]}}],"collection":[{"href":"https:\/\/www.evearly.news\/fr\/wp-json\/wp\/v2\/posts"}],"about":[{"href":"https:\/\/www.evearly.news\/fr\/wp-json\/wp\/v2\/types\/post"}],"author":[{"embeddable":true,"href":"https:\/\/www.evearly.news\/fr\/wp-json\/wp\/v2\/users\/7"}],"replies":[{"embeddable":true,"href":"https:\/\/www.evearly.news\/fr\/wp-json\/wp\/v2\/comments?post=293024"}],"version-history":[{"count":0,"href":"https:\/\/www.evearly.news\/fr\/wp-json\/wp\/v2\/posts\/293024\/revisions"}],"wp:featuredmedia":[{"embeddable":true,"href":"https:\/\/www.evearly.news\/fr\/wp-json\/wp\/v2\/media\/293025"}],"wp:attachment":[{"href":"https:\/\/www.evearly.news\/fr\/wp-json\/wp\/v2\/media?parent=293024"}],"wp:term":[{"taxonomy":"category","embeddable":true,"href":"https:\/\/www.evearly.news\/fr\/wp-json\/wp\/v2\/categories?post=293024"},{"taxonomy":"post_tag","embeddable":true,"href":"https:\/\/www.evearly.news\/fr\/wp-json\/wp\/v2\/tags?post=293024"}],"curies":[{"name":"wp","href":"https:\/\/api.w.org\/{rel}","templated":true}]}}